{"id":71800,"date":"2025-11-18T09:00:17","date_gmt":"2025-11-18T15:00:17","guid":{"rendered":"https:\/\/themexicopost.com\/?p=71800"},"modified":"2025-11-18T09:00:20","modified_gmt":"2025-11-18T15:00:20","slug":"museo-del-louvre-cierra-oficinas-y-una-galeria-por-problemas-estructurales","status":"publish","type":"post","link":"https:\/\/themexicopost.com\/?p=71800","title":{"rendered":"Museo del Louvre cierra oficinas y una galer\u00eda por problemas estructurales"},"content":{"rendered":"\n<figure class=\"wp-block-pullquote\"><blockquote><p>La direcci\u00f3n del museo decidi\u00f3 bloquear el acceso a las oficinas del segundo nivel y reubicar temporalmente a los 65 empleados que trabajan all\u00ed durante tres d\u00edas mientras los expertos eval\u00faan los da\u00f1os.<\/p><\/blockquote><\/figure>\n\n\n\n<p class=\"has-drop-cap\">El Museo del Louvre de Par\u00eds anunci\u00f3 el cierre temporal de algunas oficinas de empleados y una galer\u00eda p\u00fablica debido a problemas estructurales.<br><\/p>\n\n\n\n<p>El anuncio se produjo mientras el museo m\u00e1s visitado del mundo, ubicado en un antiguo palacio medieval, se prepara para las ambiciosas renovaciones anunciadas a principios de a\u00f1o. El Louvre tambi\u00e9n se recupera del robo del mes pasado de joyas de la corona valoradas en m\u00e1s de 100 millones de d\u00f3lares.<br><\/p>\n\n\n\n<p>El museo indic\u00f3 en un comunicado que un informe t\u00e9cnico presentado, se\u00f1al\u00f3 la peculiaridad de ciertas vigas que sostienen los pisos del segundo nivel del ala sur del ala Sully del Louvre debido a acontecimientos recientes e imprevistos. No ofreci\u00f3 m\u00e1s detalles.<br><\/p>\n\n\n\n<p>La direcci\u00f3n del museo decidi\u00f3 bloquear el acceso a las oficinas del segundo nivel y reubicar temporalmente a los 65 empleados que trabajan all\u00ed durante tres d\u00edas mientras los expertos eval\u00faan los da\u00f1os.<br><\/p>\n\n\n\n<p>El museo tambi\u00e9n cerrar\u00e1 la Galer\u00eda Campana \u2014ubicada debajo de las oficinas y que exhibe cer\u00e1mica griega antigua\u2014 como medida de precauci\u00f3n.<br><\/p>\n\n\n\n<p>La modernizaci\u00f3n del ala Sully es una de las prioridades de las obras de renovaci\u00f3n anunciadas en enero.<\/p>\n","protected":false},"excerpt":{"rendered":"<p>La direcci\u00f3n del museo decidi\u00f3 bloquear el acceso a las oficinas del segundo nivel y reubicar temporalmente a los 65 empleados que trabajan all\u00ed durante tres d\u00edas mientras los expertos eval\u00faan los da\u00f1os. El Museo del Louvre de Par\u00eds anunci\u00f3 el cierre temporal de algunas oficinas de empleados y una galer\u00eda p\u00fablica debido a problemas [&hellip;]<\/p>\n","protected":false},"author":1,"featured_media":71806,"comment_status":"closed","ping_status":"closed","sticky":false,"template":"","format":"standard","meta":{"footnotes":""},"categories":[80],"tags":[],"class_list":["post-71800","post","type-post","status-publish","format-standard","has-post-thumbnail","hentry","category-mundo"],"_links":{"self":[{"href":"https:\/\/themexicopost.com\/index.php?rest_route=\/wp\/v2\/posts\/71800","targetHints":{"allow":["GET"]}}],"collection":[{"href":"https:\/\/themexicopost.com\/index.php?rest_route=\/wp\/v2\/posts"}],"about":[{"href":"https:\/\/themexicopost.com\/index.php?rest_route=\/wp\/v2\/types\/post"}],"author":[{"embeddable":true,"href":"https:\/\/themexicopost.com\/index.php?rest_route=\/wp\/v2\/users\/1"}],"replies":[{"embeddable":true,"href":"https:\/\/themexicopost.com\/index.php?rest_route=%2Fwp%2Fv2%2Fcomments&post=71800"}],"version-history":[{"count":1,"href":"https:\/\/themexicopost.com\/index.php?rest_route=\/wp\/v2\/posts\/71800\/revisions"}],"predecessor-version":[{"id":71807,"href":"https:\/\/themexicopost.com\/index.php?rest_route=\/wp\/v2\/posts\/71800\/revisions\/71807"}],"wp:featuredmedia":[{"embeddable":true,"href":"https:\/\/themexicopost.com\/index.php?rest_route=\/wp\/v2\/media\/71806"}],"wp:attachment":[{"href":"https:\/\/themexicopost.com\/index.php?rest_route=%2Fwp%2Fv2%2Fmedia&parent=71800"}],"wp:term":[{"taxonomy":"category","embeddable":true,"href":"https:\/\/themexicopost.com\/index.php?rest_route=%2Fwp%2Fv2%2Fcategories&post=71800"},{"taxonomy":"post_tag","embeddable":true,"href":"https:\/\/themexicopost.com\/index.php?rest_route=%2Fwp%2Fv2%2Ftags&post=71800"}],"curies":[{"name":"wp","href":"https:\/\/api.w.org\/{rel}","templated":true}]}}