{"id":71808,"date":"2025-11-18T09:02:58","date_gmt":"2025-11-18T15:02:58","guid":{"rendered":"https:\/\/themexicopost.com\/?p=71808"},"modified":"2025-11-18T09:03:06","modified_gmt":"2025-11-18T15:03:06","slug":"arrestan-en-india-a-sospechoso-de-atentado-con-coche-bomba-en-nueva-delhi-que-dejo-10-muertos","status":"publish","type":"post","link":"https:\/\/themexicopost.com\/?p=71808","title":{"rendered":"Arrestan en India a sospechoso de atentado con coche bomba en Nueva Delhi que dej\u00f3 10 muertos"},"content":{"rendered":"\n<figure class=\"wp-block-pullquote\"><blockquote><p>Los organismos de seguridad indios tambi\u00e9n han llevado a cabo una serie de redadas en toda Cachemira como parte de su investigaci\u00f3n, interrogando a miles de personas y deteniendo a cientos.<\/p><\/blockquote><\/figure>\n\n\n\n<p class=\"has-drop-cap\">La agencia antiterrorista de la India anunci\u00f3 la detenci\u00f3n de un hombre de la Cachemira, administrada por la India, sospechoso de conspirar con un atacante suicida para perpetrar un atentado con coche bomba en la capital, Nueva Delhi.<br><\/p>\n\n\n\n<p>La Agencia Nacional de Investigaci\u00f3n (NIA) inform\u00f3 en un comunicado que el coche que explot\u00f3 estaba registrado a nombre de Amir Rashid Ali, quien, seg\u00fan las autoridades, viaj\u00f3 a Nueva Delhi desde la Cachemira administrada por la India para facilitar la compra del veh\u00edculo. La NIA afirm\u00f3 que la detenci\u00f3n de Ali representa un avance significativo en el caso.<br><\/p>\n\n\n\n<p>La explosi\u00f3n caus\u00f3 la muerte de 10 personas e hiri\u00f3 a otras 32 cerca del hist\u00f3rico Fuerte Rojo de la ciudad. Las autoridades indias lo calificaron como un atroz atentado terrorista perpetrado por fuerzas antinacionales.<br><\/p>\n\n\n\n<p>La explosi\u00f3n del coche bomba ocurri\u00f3 horas despu\u00e9s de que la polic\u00eda de Cachemira anunciara el desmantelamiento de una presunta c\u00e9lula militante que operaba desde la regi\u00f3n en disputa, arrestando al menos a siete personas, entre ellas dos m\u00e9dicos cachemires procedentes de ciudades indias, e incautando una gran cantidad de material para la fabricaci\u00f3n de bombas.<br><\/p>\n\n\n\n<p>La agencia investigadora identific\u00f3 al conductor del coche y presunto atacante suicida como Umar Un Nabi, tambi\u00e9n cachemir, m\u00e9dico y profesor en una facultad de medicina de la ciudad de Faridabad, cerca de Nueva Delhi. Las fuerzas gubernamentales dinamitaron su casa familiar en el distrito sure\u00f1o de Pulwama la noche del jueves, seg\u00fan informaron las autoridades, en represalia por el ataque.<br><\/p>\n\n\n\n<p>Los organismos de seguridad indios tambi\u00e9n han llevado a cabo una serie de redadas en toda Cachemira como parte de su investigaci\u00f3n, interrogando a miles de personas y deteniendo a cientos.<br><\/p>\n\n\n\n<p>Algunos de los explosivos confiscados en Faridabad y trasladados a Srinagar, la principal ciudad de Cachemira, por la polic\u00eda, detonaron dentro de una comisar\u00eda, causando la muerte de al menos nueve personas e hiriendo a otras 32.<\/p>\n","protected":false},"excerpt":{"rendered":"<p>Los organismos de seguridad indios tambi\u00e9n han llevado a cabo una serie de redadas en toda Cachemira como parte de su investigaci\u00f3n, interrogando a miles de personas y deteniendo a cientos. La agencia antiterrorista de la India anunci\u00f3 la detenci\u00f3n de un hombre de la Cachemira, administrada por la India, sospechoso de conspirar con un [&hellip;]<\/p>\n","protected":false},"author":1,"featured_media":71812,"comment_status":"closed","ping_status":"closed","sticky":false,"template":"","format":"standard","meta":{"footnotes":""},"categories":[80],"tags":[],"class_list":["post-71808","post","type-post","status-publish","format-standard","has-post-thumbnail","hentry","category-mundo"],"_links":{"self":[{"href":"https:\/\/themexicopost.com\/index.php?rest_route=\/wp\/v2\/posts\/71808","targetHints":{"allow":["GET"]}}],"collection":[{"href":"https:\/\/themexicopost.com\/index.php?rest_route=\/wp\/v2\/posts"}],"about":[{"href":"https:\/\/themexicopost.com\/index.php?rest_route=\/wp\/v2\/types\/post"}],"author":[{"embeddable":true,"href":"https:\/\/themexicopost.com\/index.php?rest_route=\/wp\/v2\/users\/1"}],"replies":[{"embeddable":true,"href":"https:\/\/themexicopost.com\/index.php?rest_route=%2Fwp%2Fv2%2Fcomments&post=71808"}],"version-history":[{"count":1,"href":"https:\/\/themexicopost.com\/index.php?rest_route=\/wp\/v2\/posts\/71808\/revisions"}],"predecessor-version":[{"id":71813,"href":"https:\/\/themexicopost.com\/index.php?rest_route=\/wp\/v2\/posts\/71808\/revisions\/71813"}],"wp:featuredmedia":[{"embeddable":true,"href":"https:\/\/themexicopost.com\/index.php?rest_route=\/wp\/v2\/media\/71812"}],"wp:attachment":[{"href":"https:\/\/themexicopost.com\/index.php?rest_route=%2Fwp%2Fv2%2Fmedia&parent=71808"}],"wp:term":[{"taxonomy":"category","embeddable":true,"href":"https:\/\/themexicopost.com\/index.php?rest_route=%2Fwp%2Fv2%2Fcategories&post=71808"},{"taxonomy":"post_tag","embeddable":true,"href":"https:\/\/themexicopost.com\/index.php?rest_route=%2Fwp%2Fv2%2Ftags&post=71808"}],"curies":[{"name":"wp","href":"https:\/\/api.w.org\/{rel}","templated":true}]}}