{"id":71817,"date":"2025-11-18T09:06:31","date_gmt":"2025-11-18T15:06:31","guid":{"rendered":"https:\/\/themexicopost.com\/?p=71817"},"modified":"2025-11-18T09:06:39","modified_gmt":"2025-11-18T15:06:39","slug":"presidente-de-bolivia-crea-comite-de-emergencia-ante-intensas-lluvias","status":"publish","type":"post","link":"https:\/\/themexicopost.com\/?p=71817","title":{"rendered":"Presidente de Bolivia crea comit\u00e9 de emergencia ante intensas lluvias"},"content":{"rendered":"\n<figure class=\"wp-block-pullquote\"><blockquote><p>-La regi\u00f3n de Santa Cruz (oriente) es la m\u00e1s afectada, con desbordes de r\u00edos, inundaciones y viviendas destruidas y anegadas.<\/p><\/blockquote><\/figure>\n\n\n\n<p class=\"has-drop-cap\">El presidente de Bolivia, Rodrigo Paz, anunci\u00f3 la creaci\u00f3n de un comit\u00e9 de emergencia, para atender de manera inmediata los desastres provocados por las lluvias torrenciales que afectan al municipio de Samaipata, en el oriente del pa\u00eds.<br><\/p>\n\n\n\n<p>La decisi\u00f3n se dio en medio de una jornada marcada por la destrucci\u00f3n causada por desbordes y deslizamientos que dejaron viviendas arrasadas en la regi\u00f3n de Santa Cruz (oriente).<br><\/p>\n\n\n\n<p>Mediante una publicaci\u00f3n en X, Paz expres\u00f3 su profundo pesar por la tragedia que golpea la regi\u00f3n y asegur\u00f3 que el Estado se moviliz\u00f3 de inmediato para trabajar junto a autoridades locales y equipos de emergencia.<br><\/p>\n\n\n\n<p>El mandatario inform\u00f3 que se dar\u00e1 asistencia, protecci\u00f3n y env\u00edo de ayuda a las zonas m\u00e1s afectadas. &#8220;No est\u00e1n solos\u201d, dijo en su mensaje dirigido a las familias damnificadas, de las cuales a\u00fan no se conoce una cifra exacta.<br><\/p>\n\n\n\n<p>Las intensas lluvias de las \u00faltimas horas habr\u00edan destruido al menos 22 viviendas, de acuerdo con reportes de autoridades locales, lo que llev\u00f3 al alcalde Eustaquio Casillas a solicitar ayuda nacional.<br><\/p>\n\n\n\n<p>Paz confirm\u00f3 que viajar\u00e1 el martes a Santa Cruz para respaldar directamente las labores de coordinaci\u00f3n y reforzar la presencia gubernamental en la zona afectada.<br><\/p>\n\n\n\n<p>La temporada de lluvias anterior en Bolivia dej\u00f3 a m\u00e1s de 601.000 personas afectadas, a 97.506 familias damnificadas, 2.416 viviendas destruidas y 7.094 casas afectadas<br><\/p>\n\n\n\n<p>En marzo de 2025, el Ministerio de Defensa indic\u00f3 que a finales de ese mes fue la primera vez en 40 a\u00f1os que se registraron lluvias de tal intensidad en Bolivia.<br><\/p>\n\n\n\n<p>El expresidente de Bolivia Luis Arce (2020-2025) declar\u00f3 ese mismo mes una &#8220;emergencia nacional&#8221; por las lluvias.<\/p>\n","protected":false},"excerpt":{"rendered":"<p>-La regi\u00f3n de Santa Cruz (oriente) es la m\u00e1s afectada, con desbordes de r\u00edos, inundaciones y viviendas destruidas y anegadas. El presidente de Bolivia, Rodrigo Paz, anunci\u00f3 la creaci\u00f3n de un comit\u00e9 de emergencia, para atender de manera inmediata los desastres provocados por las lluvias torrenciales que afectan al municipio de Samaipata, en el oriente [&hellip;]<\/p>\n","protected":false},"author":1,"featured_media":71821,"comment_status":"closed","ping_status":"closed","sticky":false,"template":"","format":"standard","meta":{"footnotes":""},"categories":[83,80],"tags":[],"class_list":["post-71817","post","type-post","status-publish","format-standard","has-post-thumbnail","hentry","category-destacado","category-mundo"],"_links":{"self":[{"href":"https:\/\/themexicopost.com\/index.php?rest_route=\/wp\/v2\/posts\/71817","targetHints":{"allow":["GET"]}}],"collection":[{"href":"https:\/\/themexicopost.com\/index.php?rest_route=\/wp\/v2\/posts"}],"about":[{"href":"https:\/\/themexicopost.com\/index.php?rest_route=\/wp\/v2\/types\/post"}],"author":[{"embeddable":true,"href":"https:\/\/themexicopost.com\/index.php?rest_route=\/wp\/v2\/users\/1"}],"replies":[{"embeddable":true,"href":"https:\/\/themexicopost.com\/index.php?rest_route=%2Fwp%2Fv2%2Fcomments&post=71817"}],"version-history":[{"count":1,"href":"https:\/\/themexicopost.com\/index.php?rest_route=\/wp\/v2\/posts\/71817\/revisions"}],"predecessor-version":[{"id":71822,"href":"https:\/\/themexicopost.com\/index.php?rest_route=\/wp\/v2\/posts\/71817\/revisions\/71822"}],"wp:featuredmedia":[{"embeddable":true,"href":"https:\/\/themexicopost.com\/index.php?rest_route=\/wp\/v2\/media\/71821"}],"wp:attachment":[{"href":"https:\/\/themexicopost.com\/index.php?rest_route=%2Fwp%2Fv2%2Fmedia&parent=71817"}],"wp:term":[{"taxonomy":"category","embeddable":true,"href":"https:\/\/themexicopost.com\/index.php?rest_route=%2Fwp%2Fv2%2Fcategories&post=71817"},{"taxonomy":"post_tag","embeddable":true,"href":"https:\/\/themexicopost.com\/index.php?rest_route=%2Fwp%2Fv2%2Ftags&post=71817"}],"curies":[{"name":"wp","href":"https:\/\/api.w.org\/{rel}","templated":true}]}}