{"id":71820,"date":"2025-11-18T09:10:47","date_gmt":"2025-11-18T15:10:47","guid":{"rendered":"https:\/\/themexicopost.com\/?p=71820"},"modified":"2025-11-18T09:10:59","modified_gmt":"2025-11-18T15:10:59","slug":"exige-el-papa-leon-xiv-medidas-urgentes-contra-el-cambio-climatico","status":"publish","type":"post","link":"https:\/\/themexicopost.com\/?p=71820","title":{"rendered":"Exige el Papa Le\u00f3n XIV medidas urgentes contra el cambio clim\u00e1tico"},"content":{"rendered":"\n<figure class=\"wp-block-pullquote\"><blockquote><p>El Pont\u00edfice afirma que la creaci\u00f3n de Dios clama porque la humanidad est\u00e1 fallando.<\/p><\/blockquote><\/figure>\n\n\n\n<p class=\"has-drop-cap\">El Papa Le\u00f3n XIV inst\u00f3 a los pa\u00edses participantes en las negociaciones clim\u00e1ticas de las Naciones Unidas a tomar medidas concretas para detener el cambio clim\u00e1tico que amenaza al planeta, afirmando que la humanidad est\u00e1 fallando en su respuesta al calentamiento global y que la creaci\u00f3n de Dios clama en forma de inundaciones, sequ\u00edas, tormentas y un calor implacable.<br><\/p>\n\n\n\n<p>En un mensaje en video dirigido a los l\u00edderes religiosos reunidos en Bel\u00e9m, Le\u00f3n XIV declar\u00f3 que las naciones han logrado avances, pero no los suficientes.<br><\/p>\n\n\n\n<p>&#8220;Una de cada tres personas vive en una situaci\u00f3n de gran vulnerabilidad debido a estos cambios clim\u00e1ticos&#8221;, expres\u00f3 Le\u00f3n XIV. &#8220;Para ellas, el cambio clim\u00e1tico no es una amenaza lejana, e ignorar a estas personas es negar nuestra humanidad compartida&#8221;.<br><\/p>\n\n\n\n<p>Su mensaje se produjo al inicio de la segunda semana de las negociaciones, con la llegada de ministros de alto nivel de gobiernos de todo el mundo a la periferia de la Amazon\u00eda brasile\u00f1a para participar en las negociaciones.<br><\/p>\n\n\n\n<p>Su jornada estuvo marcada por los discursos, en los que varios l\u00edderes de pa\u00edses del Sur Global ofrecieron testimonios emotivos sobre los devastadores costos de los recientes fen\u00f3menos meteorol\u00f3gicos extremos y desastres naturales.<br><\/p>\n\n\n\n<p>Las naciones vulnerables han presionado para que se adopten medidas m\u00e1s ambiciosas en estas negociaciones, ya que los l\u00edderes mundiales han comenzado a reconocer que la Tierra casi con seguridad superar\u00e1 el l\u00edmite deseado: 1,5 grados Celsius de calentamiento global desde la \u00e9poca preindustrial. Ese fue el objetivo fijado en estas negociaciones de 2015 en el hist\u00f3rico Acuerdo de Par\u00eds.<br><\/p>\n\n\n\n<p>Los cient\u00edficos afirman que, adem\u00e1s del calor extremo, el calentamiento de la atm\u00f3sfera provoca fen\u00f3menos meteorol\u00f3gicos extremos m\u00e1s frecuentes y mortales, como inundaciones, sequ\u00edas, lluvias torrenciales y huracanes m\u00e1s potentes.<br><\/p>\n\n\n\n<p>Leo declar\u00f3 que a\u00fan hay tiempo para cumplir con el Acuerdo de Par\u00eds, pero no mucho.<br><\/p>\n\n\n\n<p>&#8220;Como custodios de la creaci\u00f3n de Dios, estamos llamados a actuar con rapidez, con fe y con la gu\u00eda de Dios, para proteger el don que \u00c9l nos confi\u00f3. Pero debemos ser honestos: no es el acuerdo el que est\u00e1 fallando, sino nuestra respuesta. Lo que est\u00e1 fallando es la voluntad pol\u00edtica de algunos&#8221;.<br><\/p>\n\n\n\n<p>Leo hizo historia este a\u00f1o al convertirse en el primer papa estadounidense y ha adoptado el legado ambiental del papa Francisco, incluyendo su rechazo a los esc\u00e9pticos del cambio clim\u00e1tico.<br><\/p>\n\n\n\n<p>Estados Unidos, el segundo pa\u00eds m\u00e1s contaminante del mundo, no asistir\u00e1 a la conferencia. El presidente estadounidense, Donald Trump, calific\u00f3 el cambio clim\u00e1tico como el mayor enga\u00f1o jam\u00e1s perpetrado contra el mundo\u00bb durante un discurso ante la Asamblea General de la ONU en septiembre.<br><\/p>\n\n\n\n<p>El jefe de la ONU para el clima, Simon Stiell, afirm\u00f3 que las palabras de Leo nos desaf\u00edan a seguir optando por la esperanza y la acci\u00f3n.<\/p>\n","protected":false},"excerpt":{"rendered":"<p>El Pont\u00edfice afirma que la creaci\u00f3n de Dios clama porque la humanidad est\u00e1 fallando. El Papa Le\u00f3n XIV inst\u00f3 a los pa\u00edses participantes en las negociaciones clim\u00e1ticas de las Naciones Unidas a tomar medidas concretas para detener el cambio clim\u00e1tico que amenaza al planeta, afirmando que la humanidad est\u00e1 fallando en su respuesta al calentamiento [&hellip;]<\/p>\n","protected":false},"author":1,"featured_media":71827,"comment_status":"closed","ping_status":"closed","sticky":false,"template":"","format":"standard","meta":{"footnotes":""},"categories":[83,80],"tags":[],"class_list":["post-71820","post","type-post","status-publish","format-standard","has-post-thumbnail","hentry","category-destacado","category-mundo"],"_links":{"self":[{"href":"https:\/\/themexicopost.com\/index.php?rest_route=\/wp\/v2\/posts\/71820","targetHints":{"allow":["GET"]}}],"collection":[{"href":"https:\/\/themexicopost.com\/index.php?rest_route=\/wp\/v2\/posts"}],"about":[{"href":"https:\/\/themexicopost.com\/index.php?rest_route=\/wp\/v2\/types\/post"}],"author":[{"embeddable":true,"href":"https:\/\/themexicopost.com\/index.php?rest_route=\/wp\/v2\/users\/1"}],"replies":[{"embeddable":true,"href":"https:\/\/themexicopost.com\/index.php?rest_route=%2Fwp%2Fv2%2Fcomments&post=71820"}],"version-history":[{"count":1,"href":"https:\/\/themexicopost.com\/index.php?rest_route=\/wp\/v2\/posts\/71820\/revisions"}],"predecessor-version":[{"id":71828,"href":"https:\/\/themexicopost.com\/index.php?rest_route=\/wp\/v2\/posts\/71820\/revisions\/71828"}],"wp:featuredmedia":[{"embeddable":true,"href":"https:\/\/themexicopost.com\/index.php?rest_route=\/wp\/v2\/media\/71827"}],"wp:attachment":[{"href":"https:\/\/themexicopost.com\/index.php?rest_route=%2Fwp%2Fv2%2Fmedia&parent=71820"}],"wp:term":[{"taxonomy":"category","embeddable":true,"href":"https:\/\/themexicopost.com\/index.php?rest_route=%2Fwp%2Fv2%2Fcategories&post=71820"},{"taxonomy":"post_tag","embeddable":true,"href":"https:\/\/themexicopost.com\/index.php?rest_route=%2Fwp%2Fv2%2Ftags&post=71820"}],"curies":[{"name":"wp","href":"https:\/\/api.w.org\/{rel}","templated":true}]}}