{"id":71829,"date":"2025-11-18T09:14:31","date_gmt":"2025-11-18T15:14:31","guid":{"rendered":"https:\/\/themexicopost.com\/?p=71829"},"modified":"2025-11-18T09:14:41","modified_gmt":"2025-11-18T15:14:41","slug":"congreso-espanol-interroga-a-carlos-mazon-por-las-inundaciones-mortales-en-valencia","status":"publish","type":"post","link":"https:\/\/themexicopost.com\/?p=71829","title":{"rendered":"Congreso espa\u00f1ol interroga a Carlos Maz\u00f3n por las inundaciones mortales en Valencia"},"content":{"rendered":"\n<figure class=\"wp-block-pullquote\"><blockquote><p>-Cuando dimiti\u00f3 a principios de mes, dijo que admit\u00eda haber cometido errores y que tendr\u00eda que &#8220;vivir con ellos toda mi vida&#8221;.<\/p><\/blockquote><\/figure>\n\n\n\n<p class=\"has-drop-cap\">El presidente en funciones de la Comunidad Valenciana, Carlos Maz\u00f3n, dijo ante el Congreso espa\u00f1ol que las autoridades no sab\u00edan que la gente se estaba ahogando, cuando fue interrogado durante horas sobre la gesti\u00f3n de las inundaciones del a\u00f1o pasado, en las que murieron 229 personas.<br><\/p>\n\n\n\n<p>Maz\u00f3n anunci\u00f3 su dimisi\u00f3n el 3 de noviembre bajo la presi\u00f3n de todo el espectro pol\u00edtico, pero sigue sometido a un intenso escrutinio.<br><\/p>\n\n\n\n<p>La l\u00edder del partido de izquierda Podemos acus\u00f3 a Maz\u00f3n de ser personalmente responsable de las muertes, mientras que el portavoz del partido de izquierda catal\u00e1n ERC dijo que deber\u00eda ser encarcelado.<br><\/p>\n\n\n\n<p>Los familiares de las v\u00edctimas protestaron ante el Congreso en Madrid mientras segu\u00edan desde la calle el testimonio de Maz\u00f3n en la comisi\u00f3n de investigaci\u00f3n. Algunas personas atrapadas por las inundaciones tambi\u00e9n han dado su testimonio.<br><\/p>\n\n\n\n<p>Algunos de los diputados le acusaron de inacci\u00f3n, mientras que Maz\u00f3n replic\u00f3 que las autoridades no eran conscientes de la magnitud de la cat\u00e1strofe cuando las aguas arrasaron Valencia el 29 de octubre de 2024, causando da\u00f1os por valor de miles de millones de euros.<br><\/p>\n\n\n\n<p>No dio nuevos detalles sobre la cronolog\u00eda de ese d\u00eda, incluido un almuerzo con una periodista local en un restaurante que dur\u00f3 varias horas o un lapso de 45 minutos mientras sus guardaespaldas estaban ausentes y cuando los registros muestran que la jefa de los servicios de emergencia estaba tratando de llegar a \u00e9l.<br><\/p>\n\n\n\n<p>La parlamentaria vasca del PNV Idoia Sagastizabal se hizo eco de las cr\u00edticas de otros que han dicho que su relato de los hechos ha cambiado repetidamente: &#8220;Creo que no est\u00e1 aclarando las cosas&#8221;.<br><\/p>\n\n\n\n<p>Maz\u00f3n defendi\u00f3 las llamadas perdidas de su jefa de emergencias e insisti\u00f3 en que emitir el aviso oficial de inundaciones a los residentes \u2014un mensaje que lleg\u00f3 a los tel\u00e9fonos solo horas despu\u00e9s del desastre, cuando muchas personas ya se hab\u00edan ahogado\u2014 no era su responsabilidad.<br><\/p>\n\n\n\n<p>Los dos partidos de la coalici\u00f3n gobernante en Espa\u00f1a, Sumar y los socialistas, dijeron que el gobierno regional de Maz\u00f3n, dirigido por el conservador Partido Popular, en la oposici\u00f3n, no promulg\u00f3 medidas preventivas como suspender las clases o avisar a las residencias de ancianos y criticaron su gesti\u00f3n de los fondos de reconstrucci\u00f3n.<br><\/p>\n\n\n\n<p>Anteriormente, Maz\u00f3n hab\u00eda manifestado la falta de apoyo del Gobierno central, achac\u00e1ndola a la estrategia pol\u00edtica.<br><\/p>\n\n\n\n<p>Cuando dimiti\u00f3 a principios de mes, dijo que admit\u00eda haber cometido errores y que tendr\u00eda que &#8220;vivir con ellos toda mi vida&#8221;.<br><\/p>\n\n\n\n<p>El sucesor de Maz\u00f3n a\u00fan no ha sido nombrado. Se espera que le sustituya otro dirigente designado por el PP.<\/p>\n","protected":false},"excerpt":{"rendered":"<p>-Cuando dimiti\u00f3 a principios de mes, dijo que admit\u00eda haber cometido errores y que tendr\u00eda que &#8220;vivir con ellos toda mi vida&#8221;. El presidente en funciones de la Comunidad Valenciana, Carlos Maz\u00f3n, dijo ante el Congreso espa\u00f1ol que las autoridades no sab\u00edan que la gente se estaba ahogando, cuando fue interrogado durante horas sobre la [&hellip;]<\/p>\n","protected":false},"author":1,"featured_media":71836,"comment_status":"closed","ping_status":"closed","sticky":false,"template":"","format":"standard","meta":{"footnotes":""},"categories":[83,80],"tags":[],"class_list":["post-71829","post","type-post","status-publish","format-standard","has-post-thumbnail","hentry","category-destacado","category-mundo"],"_links":{"self":[{"href":"https:\/\/themexicopost.com\/index.php?rest_route=\/wp\/v2\/posts\/71829","targetHints":{"allow":["GET"]}}],"collection":[{"href":"https:\/\/themexicopost.com\/index.php?rest_route=\/wp\/v2\/posts"}],"about":[{"href":"https:\/\/themexicopost.com\/index.php?rest_route=\/wp\/v2\/types\/post"}],"author":[{"embeddable":true,"href":"https:\/\/themexicopost.com\/index.php?rest_route=\/wp\/v2\/users\/1"}],"replies":[{"embeddable":true,"href":"https:\/\/themexicopost.com\/index.php?rest_route=%2Fwp%2Fv2%2Fcomments&post=71829"}],"version-history":[{"count":1,"href":"https:\/\/themexicopost.com\/index.php?rest_route=\/wp\/v2\/posts\/71829\/revisions"}],"predecessor-version":[{"id":71837,"href":"https:\/\/themexicopost.com\/index.php?rest_route=\/wp\/v2\/posts\/71829\/revisions\/71837"}],"wp:featuredmedia":[{"embeddable":true,"href":"https:\/\/themexicopost.com\/index.php?rest_route=\/wp\/v2\/media\/71836"}],"wp:attachment":[{"href":"https:\/\/themexicopost.com\/index.php?rest_route=%2Fwp%2Fv2%2Fmedia&parent=71829"}],"wp:term":[{"taxonomy":"category","embeddable":true,"href":"https:\/\/themexicopost.com\/index.php?rest_route=%2Fwp%2Fv2%2Fcategories&post=71829"},{"taxonomy":"post_tag","embeddable":true,"href":"https:\/\/themexicopost.com\/index.php?rest_route=%2Fwp%2Fv2%2Ftags&post=71829"}],"curies":[{"name":"wp","href":"https:\/\/api.w.org\/{rel}","templated":true}]}}