{"id":71835,"date":"2025-11-18T09:15:46","date_gmt":"2025-11-18T15:15:46","guid":{"rendered":"https:\/\/themexicopost.com\/?p=71835"},"modified":"2025-11-18T09:15:57","modified_gmt":"2025-11-18T15:15:57","slug":"aumentan-a-21-los-muertos-por-la-caida-de-un-autobus-en-ecuador","status":"publish","type":"post","link":"https:\/\/themexicopost.com\/?p=71835","title":{"rendered":"Aumentan a 21 los muertos por la ca\u00edda de un autob\u00fas en Ecuador"},"content":{"rendered":"\n<figure class=\"wp-block-pullquote\"><blockquote><p>-El accidente de tr\u00e1fico ocurri\u00f3 cuando los ocupantes del veh\u00edculo se dirig\u00edan a votar en la consulta popular convocada por el presidente Daniel Noboa.<\/p><\/blockquote><\/figure>\n\n\n\n<p class=\"has-drop-cap\">La cifra de muertos aument\u00f3 de 12 a 21 a causa de la ca\u00edda de un autob\u00fas a un abismo en el sur andino de Ecuador el domingo, inform\u00f3 el servicio de emergencias estatal.<br><\/p>\n\n\n\n<p>El bus lleno de pasajeros se precipit\u00f3 cuando transitaba por una v\u00eda que conecta las localidades de Guaranda y Ambato, seg\u00fan autoridades.<br><\/p>\n\n\n\n<p>&#8220;El saldo de v\u00edctimas asciende, lamentablemente, a 21 fallecidos y 40 personas heridas&#8221;, se\u00f1al\u00f3 el servicio de emergencias ECU911 en un grupo de prensa por WhatsApp.<br><\/p>\n\n\n\n<p>La secretar\u00eda de Riesgos indic\u00f3 por la red social X que el siniestro dejaba 12 muertos y 10 heridos.<br><\/p>\n\n\n\n<p>En Ecuador fallece una persona cada cuatro horas debido a los accidentes de tr\u00e1nsito, que figuran entre las principales causas de muerte, de acuerdo con la Agencia Nacional de Tr\u00e1nsito (ANT).<\/p>\n","protected":false},"excerpt":{"rendered":"<p>-El accidente de tr\u00e1fico ocurri\u00f3 cuando los ocupantes del veh\u00edculo se dirig\u00edan a votar en la consulta popular convocada por el presidente Daniel Noboa. La cifra de muertos aument\u00f3 de 12 a 21 a causa de la ca\u00edda de un autob\u00fas a un abismo en el sur andino de Ecuador el domingo, inform\u00f3 el servicio [&hellip;]<\/p>\n","protected":false},"author":1,"featured_media":71839,"comment_status":"closed","ping_status":"closed","sticky":false,"template":"","format":"standard","meta":{"footnotes":""},"categories":[83,80],"tags":[],"class_list":["post-71835","post","type-post","status-publish","format-standard","has-post-thumbnail","hentry","category-destacado","category-mundo"],"_links":{"self":[{"href":"https:\/\/themexicopost.com\/index.php?rest_route=\/wp\/v2\/posts\/71835","targetHints":{"allow":["GET"]}}],"collection":[{"href":"https:\/\/themexicopost.com\/index.php?rest_route=\/wp\/v2\/posts"}],"about":[{"href":"https:\/\/themexicopost.com\/index.php?rest_route=\/wp\/v2\/types\/post"}],"author":[{"embeddable":true,"href":"https:\/\/themexicopost.com\/index.php?rest_route=\/wp\/v2\/users\/1"}],"replies":[{"embeddable":true,"href":"https:\/\/themexicopost.com\/index.php?rest_route=%2Fwp%2Fv2%2Fcomments&post=71835"}],"version-history":[{"count":1,"href":"https:\/\/themexicopost.com\/index.php?rest_route=\/wp\/v2\/posts\/71835\/revisions"}],"predecessor-version":[{"id":71840,"href":"https:\/\/themexicopost.com\/index.php?rest_route=\/wp\/v2\/posts\/71835\/revisions\/71840"}],"wp:featuredmedia":[{"embeddable":true,"href":"https:\/\/themexicopost.com\/index.php?rest_route=\/wp\/v2\/media\/71839"}],"wp:attachment":[{"href":"https:\/\/themexicopost.com\/index.php?rest_route=%2Fwp%2Fv2%2Fmedia&parent=71835"}],"wp:term":[{"taxonomy":"category","embeddable":true,"href":"https:\/\/themexicopost.com\/index.php?rest_route=%2Fwp%2Fv2%2Fcategories&post=71835"},{"taxonomy":"post_tag","embeddable":true,"href":"https:\/\/themexicopost.com\/index.php?rest_route=%2Fwp%2Fv2%2Ftags&post=71835"}],"curies":[{"name":"wp","href":"https:\/\/api.w.org\/{rel}","templated":true}]}}