{"id":71838,"date":"2025-11-18T09:18:06","date_gmt":"2025-11-18T15:18:06","guid":{"rendered":"https:\/\/themexicopost.com\/?p=71838"},"modified":"2025-11-18T09:18:19","modified_gmt":"2025-11-18T15:18:19","slug":"no-estoy-contento-con-mexico-trump-refuerza-medidas-contra-carteles","status":"publish","type":"post","link":"https:\/\/themexicopost.com\/?p=71838","title":{"rendered":"&#8220;NO ESTOY CONTENTO CON M\u00c9XICO&#8221;; TRUMP REFUERZA MEDIDAS CONTRA C\u00c1RTELES"},"content":{"rendered":"\n<figure class=\"wp-block-pullquote\"><blockquote><p>&#8220;He estado viendo lo que pasaba en Ciudad de M\u00e9xico este fin de semana. Hay problemas graves all\u00ed&#8221;, indic\u00f3.<\/p><\/blockquote><\/figure>\n\n\n\n<p class=\"has-drop-cap\">El presidente Donald Trump dijo que apoya la adopci\u00f3n de medidas agresivas contra los c\u00e1rteles de la droga y la producci\u00f3n de narc\u00f3ticos en M\u00e9xico y Colombia, pero no lleg\u00f3 a anunciar ninguna intervenci\u00f3n militar directa de Estados Unidos.<br><\/p>\n\n\n\n<figure class=\"wp-block-image size-large\"><img fetchpriority=\"high\" decoding=\"async\" width=\"1024\" height=\"684\" src=\"https:\/\/themexicopost.com\/wp-content\/uploads\/2025\/11\/no-estoy-3-1024x684.jpg\" alt=\"\" class=\"wp-image-71843\" srcset=\"https:\/\/themexicopost.com\/wp-content\/uploads\/2025\/11\/no-estoy-3-1024x684.jpg 1024w, https:\/\/themexicopost.com\/wp-content\/uploads\/2025\/11\/no-estoy-3-300x201.jpg 300w, https:\/\/themexicopost.com\/wp-content\/uploads\/2025\/11\/no-estoy-3-768x513.jpg 768w, https:\/\/themexicopost.com\/wp-content\/uploads\/2025\/11\/no-estoy-3.jpg 1200w\" sizes=\"(max-width: 1024px) 100vw, 1024px\" \/><\/figure>\n\n\n\n<p>&#8220;Conocemos las rutas. Sabemos la direcci\u00f3n de cada capo de la droga. Sabemos sus direcciones. Sabemos c\u00f3mo son las puertas de sus casas. Lo sabemos todo de cada uno de ellos. Est\u00e1n matando a nuestra gente. Es como una guerra. \u00bfQue si lo har\u00eda? Estar\u00eda orgulloso de hacerlo&#8221;, dijo el mandatario en rueda de prensa desde la Casa Blanca.<br><\/p>\n\n\n\n<p>Trump ha se\u00f1alado que la mayor\u00eda del tr\u00e1fico procede de M\u00e9xico, y ha expresado su malestar con el pa\u00eds. &#8220;No estoy contento con M\u00e9xico&#8221;, subray\u00f3.<br><\/p>\n\n\n\n<figure class=\"wp-block-image size-large\"><img decoding=\"async\" width=\"1024\" height=\"684\" src=\"https:\/\/themexicopost.com\/wp-content\/uploads\/2025\/11\/no-estoy-4-1024x684.jpg\" alt=\"\" class=\"wp-image-71844\" srcset=\"https:\/\/themexicopost.com\/wp-content\/uploads\/2025\/11\/no-estoy-4-1024x684.jpg 1024w, https:\/\/themexicopost.com\/wp-content\/uploads\/2025\/11\/no-estoy-4-300x201.jpg 300w, https:\/\/themexicopost.com\/wp-content\/uploads\/2025\/11\/no-estoy-4-768x513.jpg 768w, https:\/\/themexicopost.com\/wp-content\/uploads\/2025\/11\/no-estoy-4.jpg 1200w\" sizes=\"(max-width: 1024px) 100vw, 1024px\" \/><\/figure>\n\n\n\n<p>Trump se refiri\u00f3 adem\u00e1s a los disturbios durante la marcha de la oposici\u00f3n del s\u00e1bado en la capital mexicana. &#8220;He estado viendo lo que pasaba en Ciudad de M\u00e9xico este fin de semana. Hay problemas graves all\u00ed&#8221;, indic\u00f3.<br><\/p>\n\n\n\n<p>La conclusi\u00f3n de que el tr\u00e1fico de drogas llega a Estados Unidos a trav\u00e9s de M\u00e9xico la basa Trump en que los recientes ataques militares han permitido rebajar un 85% el tr\u00e1fico a trav\u00e9s del mar.<br><\/p>\n\n\n\n<figure class=\"wp-block-image size-large\"><img decoding=\"async\" width=\"1024\" height=\"684\" src=\"https:\/\/themexicopost.com\/wp-content\/uploads\/2025\/11\/no-estoy-5-1024x684.jpg\" alt=\"\" class=\"wp-image-71845\" srcset=\"https:\/\/themexicopost.com\/wp-content\/uploads\/2025\/11\/no-estoy-5-1024x684.jpg 1024w, https:\/\/themexicopost.com\/wp-content\/uploads\/2025\/11\/no-estoy-5-300x201.jpg 300w, https:\/\/themexicopost.com\/wp-content\/uploads\/2025\/11\/no-estoy-5-768x513.jpg 768w, https:\/\/themexicopost.com\/wp-content\/uploads\/2025\/11\/no-estoy-5.jpg 1200w\" sizes=\"(max-width: 1024px) 100vw, 1024px\" \/><\/figure>\n\n\n\n<p>Trump asegur\u00f3 que si fuera al Congreso para presentar estos ataques, tanto dem\u00f3cratas, como republicanos estar\u00edan de acuerdo.<br><\/p>\n\n\n\n<p>Trump ha intensificado su campa\u00f1a contra el tr\u00e1fico mar\u00edtimo de drogas, autorizando operaciones de interdicci\u00f3n m\u00e1s en\u00e9rgicas y otorgando a las fuerzas estadounidenses una mayor autoridad para inutilizar o hundir embarcaciones sospechosas de transportar narc\u00f3ticos.<br><\/p>\n\n\n\n<figure class=\"wp-block-image size-large\"><img loading=\"lazy\" decoding=\"async\" width=\"1024\" height=\"684\" src=\"https:\/\/themexicopost.com\/wp-content\/uploads\/2025\/11\/no-estoy-2-1024x684.jpg\" alt=\"\" class=\"wp-image-71846\" srcset=\"https:\/\/themexicopost.com\/wp-content\/uploads\/2025\/11\/no-estoy-2-1024x684.jpg 1024w, https:\/\/themexicopost.com\/wp-content\/uploads\/2025\/11\/no-estoy-2-300x201.jpg 300w, https:\/\/themexicopost.com\/wp-content\/uploads\/2025\/11\/no-estoy-2-768x513.jpg 768w, https:\/\/themexicopost.com\/wp-content\/uploads\/2025\/11\/no-estoy-2.jpg 1200w\" sizes=\"(max-width: 1024px) 100vw, 1024px\" \/><\/figure>\n\n\n\n<p>Estados Unidos ha desplegado un importante contingente militar en aguas del Caribe oficialmente para combatir el narcotr\u00e1fico.<br><\/p>\n\n\n\n<p>En los 21 ataques militares contra supuestos narcotraficantes en el Caribe y el Pac\u00edfico han muerto 83 personas en las \u00faltimas semanas, seg\u00fan el recuento basado en los comunicados oficiales. M\u00e1s tarde plante\u00f3 la posibilidad de atacar los laboratorios de coca\u00edna en Colombia.<\/p>\n\n\n\n<figure class=\"wp-block-image size-large\"><img loading=\"lazy\" decoding=\"async\" width=\"1024\" height=\"684\" src=\"https:\/\/themexicopost.com\/wp-content\/uploads\/2025\/11\/no-estoy-1024x684.jpg\" alt=\"\" class=\"wp-image-71847\" srcset=\"https:\/\/themexicopost.com\/wp-content\/uploads\/2025\/11\/no-estoy-1024x684.jpg 1024w, https:\/\/themexicopost.com\/wp-content\/uploads\/2025\/11\/no-estoy-300x201.jpg 300w, https:\/\/themexicopost.com\/wp-content\/uploads\/2025\/11\/no-estoy-768x513.jpg 768w, https:\/\/themexicopost.com\/wp-content\/uploads\/2025\/11\/no-estoy.jpg 1200w\" sizes=\"(max-width: 1024px) 100vw, 1024px\" \/><\/figure>\n","protected":false},"excerpt":{"rendered":"<p>&#8220;He estado viendo lo que pasaba en Ciudad de M\u00e9xico este fin de semana. Hay problemas graves all\u00ed&#8221;, indic\u00f3.<\/p>\n","protected":false},"author":1,"featured_media":71842,"comment_status":"closed","ping_status":"closed","sticky":false,"template":"","format":"standard","meta":{"footnotes":""},"categories":[83,80,85],"tags":[],"class_list":["post-71838","post","type-post","status-publish","format-standard","has-post-thumbnail","hentry","category-destacado","category-mundo","category-portada"],"_links":{"self":[{"href":"https:\/\/themexicopost.com\/index.php?rest_route=\/wp\/v2\/posts\/71838","targetHints":{"allow":["GET"]}}],"collection":[{"href":"https:\/\/themexicopost.com\/index.php?rest_route=\/wp\/v2\/posts"}],"about":[{"href":"https:\/\/themexicopost.com\/index.php?rest_route=\/wp\/v2\/types\/post"}],"author":[{"embeddable":true,"href":"https:\/\/themexicopost.com\/index.php?rest_route=\/wp\/v2\/users\/1"}],"replies":[{"embeddable":true,"href":"https:\/\/themexicopost.com\/index.php?rest_route=%2Fwp%2Fv2%2Fcomments&post=71838"}],"version-history":[{"count":1,"href":"https:\/\/themexicopost.com\/index.php?rest_route=\/wp\/v2\/posts\/71838\/revisions"}],"predecessor-version":[{"id":71848,"href":"https:\/\/themexicopost.com\/index.php?rest_route=\/wp\/v2\/posts\/71838\/revisions\/71848"}],"wp:featuredmedia":[{"embeddable":true,"href":"https:\/\/themexicopost.com\/index.php?rest_route=\/wp\/v2\/media\/71842"}],"wp:attachment":[{"href":"https:\/\/themexicopost.com\/index.php?rest_route=%2Fwp%2Fv2%2Fmedia&parent=71838"}],"wp:term":[{"taxonomy":"category","embeddable":true,"href":"https:\/\/themexicopost.com\/index.php?rest_route=%2Fwp%2Fv2%2Fcategories&post=71838"},{"taxonomy":"post_tag","embeddable":true,"href":"https:\/\/themexicopost.com\/index.php?rest_route=%2Fwp%2Fv2%2Ftags&post=71838"}],"curies":[{"name":"wp","href":"https:\/\/api.w.org\/{rel}","templated":true}]}}