{"id":71899,"date":"2025-11-19T07:33:59","date_gmt":"2025-11-19T13:33:59","guid":{"rendered":"https:\/\/themexicopost.com\/?p=71899"},"modified":"2025-11-19T07:34:02","modified_gmt":"2025-11-19T13:34:02","slug":"finlandia-pedira-un-prestamo-a-la-ce-para-comprar-armamento-y-drones","status":"publish","type":"post","link":"https:\/\/themexicopost.com\/?p=71899","title":{"rendered":"Finlandia pedir\u00e1 un pr\u00e9stamo a la CE para comprar armamento y drones"},"content":{"rendered":"\n<figure class=\"wp-block-pullquote\"><blockquote><p>-Esta es una decisi\u00f3n importante que reforzar\u00e1 la defensa de Finlandia, las capacidades de la industria de defensa finlandesa y la cooperaci\u00f3n y la adquisici\u00f3n conjunta europeas.<\/p><\/blockquote><\/figure>\n\n\n\n<p class=\"has-drop-cap\">El primer ministro finland\u00e9s, Petteri Orpo, anunci\u00f3 que su pa\u00eds solicitar\u00e1 formalmente a la Comisi\u00f3n Europea (CE) un pr\u00e9stamo de 1.000 millones de euros a trav\u00e9s del instrumento financiero SAFE para financiar la compra de material de defensa y drones.<br><\/p>\n\n\n\n<p>&#8220;Finlandia utilizar\u00e1 1.000 millones de euros de fondos SAFE de la Uni\u00f3n Europea (UE) para fortalecer la industria de defensa, especialmente para la adquisici\u00f3n conjunta multinacional de material de defensa y el desarrollo de la defensa con drones. As\u00ed reforzaremos la defensa de Finlandia y de Europa&#8221;, se\u00f1al\u00f3 Orpo en la red social X.<br><\/p>\n\n\n\n<p>Seg\u00fan el Ejecutivo finland\u00e9s, estos fondos ser\u00e1n destinados a financiar la compra, junto con otros socios europeos, de equipos de combate terrestre y especialmente de drones, en cooperaci\u00f3n con Ucrania.<br><\/p>\n\n\n\n<p>Esta es una decisi\u00f3n importante que reforzar\u00e1 la defensa de Finlandia, las capacidades de la industria de defensa finlandesa y la cooperaci\u00f3n y la adquisici\u00f3n conjunta europeas, afirm\u00f3 en un comunicado el ministro de Defensa del pa\u00eds n\u00f3rdico, Antti H\u00e4kk\u00e4nen.<br><\/p>\n\n\n\n<p>Para el Gobierno finland\u00e9s, los principales beneficios del instrumento SAFE son el aumento de los pedidos europeos a la industria de defensa del pa\u00eds y el \u00abreconocimiento estrat\u00e9gico\u00bb de los proyectos finlandeses en la pol\u00edtica industrial de defensa de la UE.<br><\/p>\n\n\n\n<p>El instrumento SAFE establece la concesi\u00f3n de hasta 150.000 millones de euros en cr\u00e9ditos a los Estados miembros de la UE que los soliciten para realizar compras conjuntas de material militar, con el doble objetivo de reforzar la capacidad de defensa europea y estimular la producci\u00f3n industrial de este sector.<br><\/p>\n\n\n\n<p>Los pa\u00edses interesados en obtener pr\u00e9stamos SAFE tienen de plazo hasta finales de este mes para presentar una solicitud formal y un plan de inversi\u00f3n que detalle a qu\u00e9 destinar\u00e1n los fondos recibidos.<\/p>\n","protected":false},"excerpt":{"rendered":"<p>-Esta es una decisi\u00f3n importante que reforzar\u00e1 la defensa de Finlandia, las capacidades de la industria de defensa finlandesa y la cooperaci\u00f3n y la adquisici\u00f3n conjunta europeas. El primer ministro finland\u00e9s, Petteri Orpo, anunci\u00f3 que su pa\u00eds solicitar\u00e1 formalmente a la Comisi\u00f3n Europea (CE) un pr\u00e9stamo de 1.000 millones de euros a trav\u00e9s del instrumento [&hellip;]<\/p>\n","protected":false},"author":1,"featured_media":71901,"comment_status":"closed","ping_status":"closed","sticky":false,"template":"","format":"standard","meta":{"footnotes":""},"categories":[83,80],"tags":[],"class_list":["post-71899","post","type-post","status-publish","format-standard","has-post-thumbnail","hentry","category-destacado","category-mundo"],"_links":{"self":[{"href":"https:\/\/themexicopost.com\/index.php?rest_route=\/wp\/v2\/posts\/71899","targetHints":{"allow":["GET"]}}],"collection":[{"href":"https:\/\/themexicopost.com\/index.php?rest_route=\/wp\/v2\/posts"}],"about":[{"href":"https:\/\/themexicopost.com\/index.php?rest_route=\/wp\/v2\/types\/post"}],"author":[{"embeddable":true,"href":"https:\/\/themexicopost.com\/index.php?rest_route=\/wp\/v2\/users\/1"}],"replies":[{"embeddable":true,"href":"https:\/\/themexicopost.com\/index.php?rest_route=%2Fwp%2Fv2%2Fcomments&post=71899"}],"version-history":[{"count":1,"href":"https:\/\/themexicopost.com\/index.php?rest_route=\/wp\/v2\/posts\/71899\/revisions"}],"predecessor-version":[{"id":71902,"href":"https:\/\/themexicopost.com\/index.php?rest_route=\/wp\/v2\/posts\/71899\/revisions\/71902"}],"wp:featuredmedia":[{"embeddable":true,"href":"https:\/\/themexicopost.com\/index.php?rest_route=\/wp\/v2\/media\/71901"}],"wp:attachment":[{"href":"https:\/\/themexicopost.com\/index.php?rest_route=%2Fwp%2Fv2%2Fmedia&parent=71899"}],"wp:term":[{"taxonomy":"category","embeddable":true,"href":"https:\/\/themexicopost.com\/index.php?rest_route=%2Fwp%2Fv2%2Fcategories&post=71899"},{"taxonomy":"post_tag","embeddable":true,"href":"https:\/\/themexicopost.com\/index.php?rest_route=%2Fwp%2Fv2%2Ftags&post=71899"}],"curies":[{"name":"wp","href":"https:\/\/api.w.org\/{rel}","templated":true}]}}