{"id":72751,"date":"2025-12-02T07:58:13","date_gmt":"2025-12-02T13:58:13","guid":{"rendered":"https:\/\/themexicopost.com\/?p=72751"},"modified":"2025-12-02T07:58:14","modified_gmt":"2025-12-02T13:58:14","slug":"acaba-brote-de-ebola-en-republica-democratica-del-congo","status":"publish","type":"post","link":"https:\/\/themexicopost.com\/?p=72751","title":{"rendered":"Acaba brote de \u00e9bola en Rep\u00fablica Democr\u00e1tica del Congo"},"content":{"rendered":"\n<figure class=\"wp-block-pullquote\"><blockquote><p>-Esto despu\u00e9s de que no se reportaran nuevos casos en los \u00faltimos 42 d\u00edas. &#8220;Controlar y acabar con este brote de \u00e9bola en tres meses es un logro notable&#8221;, destac\u00f3 el director regional de la OMS para \u00c1frica.<\/p><\/blockquote><\/figure>\n\n\n\n<p class=\"has-drop-cap\">La Rep\u00fablica Democr\u00e1tica del Congo (RDC) decret\u00f3 el fin del brote de \u00e9bola en la provincia de Kasai, despu\u00e9s de que el pa\u00eds no registrara ning\u00fan caso nuevo por 42 d\u00edas consecutivos, indic\u00f3 la Organizaci\u00f3n Mundial de la Salud (OMS).<br><\/p>\n\n\n\n<p>El brote, declarado el 4 de septiembre despu\u00e9s de que la enfermedad fuera identificada en la zona de salud de Bulape, fue el primero en el pa\u00eds desde 2022.<br><\/p>\n\n\n\n<p>De un total de 64 casos, 45 personas fallecieron y 19 se recuperaron, seg\u00fan el Ministerio de Salud congole\u00f1o.<br><\/p>\n\n\n\n<p>Desde los primeros d\u00edas del brote, RDC us\u00f3 un sistema nacional de vigilancia renovado que permiti\u00f3 a las autoridades mapear r\u00e1pidamente el \u00e1rea afectada y contener la transmisi\u00f3n.<br><\/p>\n\n\n\n<p>&#8220;Controlar y acabar con este brote de \u00e9bola en tres meses es un logro notable&#8221;, dijo en un comunicado Mohamed Janabi, director regional de la OMS, quien tambi\u00e9n precis\u00f3 que se vigilar\u00e1 la enfermedad por un per\u00edodo de 90 d\u00edas<br><\/p>\n\n\n\n<p>Este brote de \u00e9bola fue el decimosexto en la naci\u00f3n centroafricana desde que la enfermedad fue identificada por primera vez en 1976, seg\u00fan la OMS.<\/p>\n","protected":false},"excerpt":{"rendered":"<p>-Esto despu\u00e9s de que no se reportaran nuevos casos en los \u00faltimos 42 d\u00edas. &#8220;Controlar y acabar con este brote de \u00e9bola en tres meses es un logro notable&#8221;, destac\u00f3 el director regional de la OMS para \u00c1frica. La Rep\u00fablica Democr\u00e1tica del Congo (RDC) decret\u00f3 el fin del brote de \u00e9bola en la provincia de [&hellip;]<\/p>\n","protected":false},"author":1,"featured_media":72756,"comment_status":"closed","ping_status":"closed","sticky":false,"template":"","format":"standard","meta":{"footnotes":""},"categories":[80],"tags":[],"class_list":["post-72751","post","type-post","status-publish","format-standard","has-post-thumbnail","hentry","category-mundo"],"_links":{"self":[{"href":"https:\/\/themexicopost.com\/index.php?rest_route=\/wp\/v2\/posts\/72751","targetHints":{"allow":["GET"]}}],"collection":[{"href":"https:\/\/themexicopost.com\/index.php?rest_route=\/wp\/v2\/posts"}],"about":[{"href":"https:\/\/themexicopost.com\/index.php?rest_route=\/wp\/v2\/types\/post"}],"author":[{"embeddable":true,"href":"https:\/\/themexicopost.com\/index.php?rest_route=\/wp\/v2\/users\/1"}],"replies":[{"embeddable":true,"href":"https:\/\/themexicopost.com\/index.php?rest_route=%2Fwp%2Fv2%2Fcomments&post=72751"}],"version-history":[{"count":1,"href":"https:\/\/themexicopost.com\/index.php?rest_route=\/wp\/v2\/posts\/72751\/revisions"}],"predecessor-version":[{"id":72757,"href":"https:\/\/themexicopost.com\/index.php?rest_route=\/wp\/v2\/posts\/72751\/revisions\/72757"}],"wp:featuredmedia":[{"embeddable":true,"href":"https:\/\/themexicopost.com\/index.php?rest_route=\/wp\/v2\/media\/72756"}],"wp:attachment":[{"href":"https:\/\/themexicopost.com\/index.php?rest_route=%2Fwp%2Fv2%2Fmedia&parent=72751"}],"wp:term":[{"taxonomy":"category","embeddable":true,"href":"https:\/\/themexicopost.com\/index.php?rest_route=%2Fwp%2Fv2%2Fcategories&post=72751"},{"taxonomy":"post_tag","embeddable":true,"href":"https:\/\/themexicopost.com\/index.php?rest_route=%2Fwp%2Fv2%2Ftags&post=72751"}],"curies":[{"name":"wp","href":"https:\/\/api.w.org\/{rel}","templated":true}]}}