{"id":72764,"date":"2025-12-02T08:04:10","date_gmt":"2025-12-02T14:04:10","guid":{"rendered":"https:\/\/themexicopost.com\/?p=72764"},"modified":"2025-12-02T08:04:11","modified_gmt":"2025-12-02T14:04:11","slug":"evoluciona-la-guardia-nacional","status":"publish","type":"post","link":"https:\/\/themexicopost.com\/?p=72764","title":{"rendered":"EVOLUCIONA LA GUARDIA NACIONAL"},"content":{"rendered":"\n<figure class=\"wp-block-pullquote\"><blockquote><p><strong>Por: Jos\u00e9 Fonseca<\/strong><\/p><\/blockquote><\/figure>\n\n\n\n<p class=\"has-drop-cap\">\u201cLa colaboraci\u00f3n entre Ernestina Godoy, hoy encargada del despacho en la Fiscal\u00eda General de la Rep\u00fablica, y la SSPC ser\u00e1 como la que se tuvo cuando la presidenta Sheinbaum era jefa de gobierno en CDMX\u201d, dijo a Joaqu\u00edn L\u00f3pez D\u00f3riga Omar Garc\u00eda Harfuch.<br><\/p>\n\n\n\n<p>Explic\u00f3 que habr\u00e1 colaboraci\u00f3n con las fiscal\u00edas estatales, para coordinar las acciones de seguridad, pero tambi\u00e9n dijo que, como parte del esquema, la Guardia Nacional ya evoluciona para hacerse cargo de las tareas en seguridad que por ley le corresponden.<br><\/p>\n\n\n\n<p>De alguna manera ratifica lo dicho alguna vez por el comandante de la Guardia, general Hern\u00e1n Cortez, quien dijo que a diario se capacitan para desempe\u00f1ar el rol que siempre debieron tener, uno muy similar al de la Gendarmer\u00eda Francesa.<br><\/p>\n\n\n\n<h2 class=\"wp-block-heading\">Un bill\u00f3n para programas sociales<br><\/h2>\n\n\n\n<p>En ma\u00f1anera declaraci\u00f3n, la presidenta Claudia Sheinbaum anunci\u00f3 que en 2026 el presupuesto para los programas distributivos del Gobierno de la Rep\u00fablica ser\u00e1 de un bill\u00f3n de pesos.<br><\/p>\n\n\n\n<p>No deber\u00eda ser sorpresa, pues tales programas son la clave de la gobernabilidad para Morena, especialmente cuando estamos a menos de ocho meses del arranque formal de la campa\u00f1a electoral del 27.<br><\/p>\n\n\n\n<p>Los programas, resultantes de una buena lectura de la realidad de que en M\u00e9xico la gente tiene muchas necesidades, iniciaron la distribuci\u00f3n de recursos, pero directamente, sin intermediarios, para recordarles a diario que se los entrega Morena.<br><\/p>\n\n\n\n<h2 class=\"wp-block-heading\">Signos de econom\u00eda estancada<br><\/h2>\n\n\n\n<p>La consulta del Banco de M\u00e9xico revela que los analistas demostraron poca confianza para 2026, pues redujeron hasta 1.37 por ciento el crecimiento del Producto Interno Bruto.<br><\/p>\n\n\n\n<p>Un estudio de BBVA anuncia que, por primera vez en m\u00e1s de una d\u00e9cada, por varios meses consecutivos se ha reducido el monto de las remesas que env\u00edan los migrantes a sus familias.<br><\/p>\n\n\n\n<p>Se\u00f1ales de una econom\u00eda estancada, por factores internos y externos, panorama descorazonador reflejado en la informaci\u00f3n de un aumento en la cartera vencida en tarjetas de cr\u00e9dito familiar.<\/p>\n","protected":false},"excerpt":{"rendered":"<p>Por: Jos\u00e9 Fonseca \u201cLa colaboraci\u00f3n entre Ernestina Godoy, hoy encargada del despacho en la Fiscal\u00eda General de la Rep\u00fablica, y la SSPC ser\u00e1 como la que se tuvo cuando la presidenta Sheinbaum era jefa de gobierno en CDMX\u201d, dijo a Joaqu\u00edn L\u00f3pez D\u00f3riga Omar Garc\u00eda Harfuch. Explic\u00f3 que habr\u00e1 colaboraci\u00f3n con las fiscal\u00edas estatales, para [&hellip;]<\/p>\n","protected":false},"author":1,"featured_media":72768,"comment_status":"closed","ping_status":"closed","sticky":false,"template":"","format":"standard","meta":{"footnotes":""},"categories":[84],"tags":[],"class_list":["post-72764","post","type-post","status-publish","format-standard","has-post-thumbnail","hentry","category-editorial"],"_links":{"self":[{"href":"https:\/\/themexicopost.com\/index.php?rest_route=\/wp\/v2\/posts\/72764","targetHints":{"allow":["GET"]}}],"collection":[{"href":"https:\/\/themexicopost.com\/index.php?rest_route=\/wp\/v2\/posts"}],"about":[{"href":"https:\/\/themexicopost.com\/index.php?rest_route=\/wp\/v2\/types\/post"}],"author":[{"embeddable":true,"href":"https:\/\/themexicopost.com\/index.php?rest_route=\/wp\/v2\/users\/1"}],"replies":[{"embeddable":true,"href":"https:\/\/themexicopost.com\/index.php?rest_route=%2Fwp%2Fv2%2Fcomments&post=72764"}],"version-history":[{"count":1,"href":"https:\/\/themexicopost.com\/index.php?rest_route=\/wp\/v2\/posts\/72764\/revisions"}],"predecessor-version":[{"id":72769,"href":"https:\/\/themexicopost.com\/index.php?rest_route=\/wp\/v2\/posts\/72764\/revisions\/72769"}],"wp:featuredmedia":[{"embeddable":true,"href":"https:\/\/themexicopost.com\/index.php?rest_route=\/wp\/v2\/media\/72768"}],"wp:attachment":[{"href":"https:\/\/themexicopost.com\/index.php?rest_route=%2Fwp%2Fv2%2Fmedia&parent=72764"}],"wp:term":[{"taxonomy":"category","embeddable":true,"href":"https:\/\/themexicopost.com\/index.php?rest_route=%2Fwp%2Fv2%2Fcategories&post=72764"},{"taxonomy":"post_tag","embeddable":true,"href":"https:\/\/themexicopost.com\/index.php?rest_route=%2Fwp%2Fv2%2Ftags&post=72764"}],"curies":[{"name":"wp","href":"https:\/\/api.w.org\/{rel}","templated":true}]}}