{"id":72826,"date":"2025-12-03T07:41:49","date_gmt":"2025-12-03T13:41:49","guid":{"rendered":"https:\/\/themexicopost.com\/?p=72826"},"modified":"2025-12-03T07:41:55","modified_gmt":"2025-12-03T13:41:55","slug":"australia-aplica-edad-limite-para-apps-de-redes-sociales-ademas-de-imponer-multas-por-33-mdd","status":"publish","type":"post","link":"https:\/\/themexicopost.com\/?p=72826","title":{"rendered":"Australia aplica edad l\u00edmite para Apps de redes sociales, adem\u00e1s de imponer multas por 33 mdd"},"content":{"rendered":"\n<figure class=\"wp-block-pullquote\"><blockquote><p>La Comisi\u00f3n Europea, Francia, Dinamarca, Grecia, Ruman\u00eda y Nueva Zelanda tambi\u00e9n estaban interesados \u200b\u200ben establecer una edad m\u00ednima para el uso de redes sociales.<\/p><\/blockquote><\/figure>\n\n\n\n<p class=\"has-drop-cap\">Las plataformas de redes sociales deben informar mensualmente cu\u00e1ntas cuentas de ni\u00f1os cierran una vez que Australia comienza a aplicar su l\u00edmite de edad de 16 a\u00f1os la m\u00e1xima semana, dijo un ministro el mi\u00e9rcoles.<br><\/p>\n\n\n\n<p>Facebook, Instagram, Kick, Reddit, Snapchat, Threads, TikTok, X y YouTube enfrentar\u00edan multas de hasta 50 millones de d\u00f3lares australianos (33 millones de d\u00f3lares) a partir del 10 de diciembre si no toman medidas razonables para eliminar cuentas de ni\u00f1os australianos menores de 16 a\u00f1os. El servicio de transmisi\u00f3n en vivo Twitch se agreg\u00f3 a la lista de plataformas con restricciones de edad hace menos de dos semanas.<br><\/p>\n\n\n\n<p>El Comisionado Australiano de Seguridad Electr\u00f3nica enviar\u00e1 avisos a las 10 plataformas el 11 de diciembre exigiendo informaci\u00f3n sobre el n\u00famero de cuentas eliminadas. Se enviar\u00edan avisos mensuales durante seis meses.<br><\/p>\n\n\n\n<p>&#8220;El gobierno reconoce que la verificaci\u00f3n de la edad puede requerir varios d\u00edas o semanas para completarse de manera justa y precisa&#8221;, dijo la ministra de Comunicaciones, Anika Wells, al Club Nacional de Prensa de Australia.<br><\/p>\n\n\n\n<p>Sin embargo, si eSafety identifica infracciones sist\u00e9micas de la ley, las plataformas se enfrentar\u00e1n a multas, a\u00f1adi\u00f3. El regulador de eSafety dijo que un tribunal aplicar\u00eda la sanci\u00f3n hasta el m\u00e1ximo si la plataforma incurriera en infracciones repetidas.<br><\/p>\n\n\n\n<p>Para el mi\u00e9rcoles, a\u00fan no se hab\u00eda fijado la fecha de la audiencia judicial. \u201cEn los pr\u00f3ximos meses, lucharemos para defender esta ley ante el Tribunal Superior porque los padres de toda Australia pidieron al gobierno que intensificara su labor\u201d, declar\u00f3 Wells.<br><\/p>\n\n\n\n<p>El mes pasado, el gobierno de Malasia anunci\u00f3 que prohibir\u00eda las cuentas de redes sociales para menores de 16 a\u00f1os a partir de 2026.<br><\/p>\n\n\n\n<p>Wells indic\u00f3 que la Comisi\u00f3n Europea, Francia, Dinamarca, Grecia, Ruman\u00eda y Nueva Zelanda tambi\u00e9n estaban interesados \u200b\u200ben establecer una edad m\u00ednima para el uso de redes sociales.<\/p>\n","protected":false},"excerpt":{"rendered":"<p>La Comisi\u00f3n Europea, Francia, Dinamarca, Grecia, Ruman\u00eda y Nueva Zelanda tambi\u00e9n estaban interesados \u200b\u200ben establecer una edad m\u00ednima para el uso de redes sociales. Las plataformas de redes sociales deben informar mensualmente cu\u00e1ntas cuentas de ni\u00f1os cierran una vez que Australia comienza a aplicar su l\u00edmite de edad de 16 a\u00f1os la m\u00e1xima semana, dijo [&hellip;]<\/p>\n","protected":false},"author":1,"featured_media":72830,"comment_status":"closed","ping_status":"closed","sticky":false,"template":"","format":"standard","meta":{"footnotes":""},"categories":[83,80],"tags":[],"class_list":["post-72826","post","type-post","status-publish","format-standard","has-post-thumbnail","hentry","category-destacado","category-mundo"],"_links":{"self":[{"href":"https:\/\/themexicopost.com\/index.php?rest_route=\/wp\/v2\/posts\/72826","targetHints":{"allow":["GET"]}}],"collection":[{"href":"https:\/\/themexicopost.com\/index.php?rest_route=\/wp\/v2\/posts"}],"about":[{"href":"https:\/\/themexicopost.com\/index.php?rest_route=\/wp\/v2\/types\/post"}],"author":[{"embeddable":true,"href":"https:\/\/themexicopost.com\/index.php?rest_route=\/wp\/v2\/users\/1"}],"replies":[{"embeddable":true,"href":"https:\/\/themexicopost.com\/index.php?rest_route=%2Fwp%2Fv2%2Fcomments&post=72826"}],"version-history":[{"count":1,"href":"https:\/\/themexicopost.com\/index.php?rest_route=\/wp\/v2\/posts\/72826\/revisions"}],"predecessor-version":[{"id":72831,"href":"https:\/\/themexicopost.com\/index.php?rest_route=\/wp\/v2\/posts\/72826\/revisions\/72831"}],"wp:featuredmedia":[{"embeddable":true,"href":"https:\/\/themexicopost.com\/index.php?rest_route=\/wp\/v2\/media\/72830"}],"wp:attachment":[{"href":"https:\/\/themexicopost.com\/index.php?rest_route=%2Fwp%2Fv2%2Fmedia&parent=72826"}],"wp:term":[{"taxonomy":"category","embeddable":true,"href":"https:\/\/themexicopost.com\/index.php?rest_route=%2Fwp%2Fv2%2Fcategories&post=72826"},{"taxonomy":"post_tag","embeddable":true,"href":"https:\/\/themexicopost.com\/index.php?rest_route=%2Fwp%2Fv2%2Ftags&post=72826"}],"curies":[{"name":"wp","href":"https:\/\/api.w.org\/{rel}","templated":true}]}}