{"id":72843,"date":"2025-12-03T07:47:19","date_gmt":"2025-12-03T13:47:19","guid":{"rendered":"https:\/\/themexicopost.com\/?p=72843"},"modified":"2025-12-03T07:47:34","modified_gmt":"2025-12-03T13:47:34","slug":"ataques-en-venezuela-podrian-comenzar-muy-pronto-trump","status":"publish","type":"post","link":"https:\/\/themexicopost.com\/?p=72843","title":{"rendered":"Ataques en Venezuela podr\u00edan comenzar muy pronto: Trump"},"content":{"rendered":"\n<figure class=\"wp-block-pullquote\"><blockquote><p>-El mandatario hab\u00eda advertido que sus fuerzas actuar\u00e1n en tierra contra narcotraficantes y dijo que pilotos y aerol\u00edneas deben considerar el espacio a\u00e9reo de Venezuela cerrado en su totalidad.<\/p><\/blockquote><\/figure>\n\n\n\n<p class=\"has-drop-cap\">El presidente de Estados Unidos, Donald Trump, insisti\u00f3 en que las operaciones estadounidenses contra c\u00e1rteles del narcotr\u00e1fico comenzar\u00e1n pr\u00f3ximamente y no solo en Venezuela.<br><\/p>\n\n\n\n<p>&#8220;En tierra es mucho m\u00e1s f\u00e1cil. Conocemos las rutas que toman. Lo sabemos todo sobre ellos. Sabemos d\u00f3nde viven. Sabemos d\u00f3nde viven los malos. Y vamos a empezar con eso tambi\u00e9n muy pronto&#8221;, dijo el mandatario a la prensa durante una reuni\u00f3n con su gabinete en la Casa Blanca.<br><\/p>\n\n\n\n<p>El mandatario ya advirti\u00f3 la semana pasada que sus fuerzas armadas actuar\u00e1n en tierra contra supuestos narcotraficantes venezolanos y advirti\u00f3 a pilotos y aerol\u00edneas que deben considerar el espacio a\u00e9reo venezolano &#8220;cerrado en su totalidad&#8221;.<br><\/p>\n\n\n\n<p>Cuando se le pidi\u00f3 que diera m\u00e1s detalles, Trump dijo que se refer\u00eda a pa\u00edses que fabrican y venden fentanilo o coca\u00edna, y dijo que escuch\u00f3 que Colombia produc\u00eda coca\u00edna y la vend\u00eda a Estados Unidos. &#8220;Cualquiera que haga eso y lo venda a nuestro pa\u00eds est\u00e1 sujeto a ataques&#8221;, expres\u00f3.<br><\/p>\n\n\n\n<p>El r\u00e9gimen de Nicol\u00e1s Maduro indic\u00f3 que reautoriz\u00f3 los vuelos de Estados Unidos para deportar migrantes, d\u00edas despu\u00e9s de haberlos suspendido por la advertencia de Trump sobre el cierre del espacio a\u00e9reo venezolano.<br><\/p>\n\n\n\n<p>La llegada de aviones estadounidenses con indocumentados venezolanos se mantuvo regularmente, a pesar de la tensi\u00f3n entre ambos pa\u00edses por el despliegue militar de Washington en el Caribe.<br><\/p>\n\n\n\n<p>La autoridad aeron\u00e1utica venezolana &#8220;recibi\u00f3 la solicitud del gobierno de los Estados Unidos para reanudar los vuelos de repatriaci\u00f3n de migrantes venezolanos desde ese pa\u00eds hasta Venezuela&#8221;, indic\u00f3 el ministerio de Transporte en un comunicado.<br><\/p>\n\n\n\n<p>Caracas permitir\u00e1 el ingreso de dos vuelos de la empresa estadounidense Eastern Airlines los mi\u00e9rcoles y viernes.<br>Unos 75 vuelos con deportados se realizaron este a\u00f1o, con al menos 13.956 venezolanos deportados desde Estados Unidos, seg\u00fan el r\u00e9gimen venezolano.<\/p>\n","protected":false},"excerpt":{"rendered":"<p>-El mandatario hab\u00eda advertido que sus fuerzas actuar\u00e1n en tierra contra narcotraficantes y dijo que pilotos y aerol\u00edneas deben considerar el espacio a\u00e9reo de Venezuela cerrado en su totalidad. El presidente de Estados Unidos, Donald Trump, insisti\u00f3 en que las operaciones estadounidenses contra c\u00e1rteles del narcotr\u00e1fico comenzar\u00e1n pr\u00f3ximamente y no solo en Venezuela. &#8220;En tierra [&hellip;]<\/p>\n","protected":false},"author":1,"featured_media":72844,"comment_status":"closed","ping_status":"closed","sticky":false,"template":"","format":"standard","meta":{"footnotes":""},"categories":[83,80,85],"tags":[],"class_list":["post-72843","post","type-post","status-publish","format-standard","has-post-thumbnail","hentry","category-destacado","category-mundo","category-portada"],"_links":{"self":[{"href":"https:\/\/themexicopost.com\/index.php?rest_route=\/wp\/v2\/posts\/72843","targetHints":{"allow":["GET"]}}],"collection":[{"href":"https:\/\/themexicopost.com\/index.php?rest_route=\/wp\/v2\/posts"}],"about":[{"href":"https:\/\/themexicopost.com\/index.php?rest_route=\/wp\/v2\/types\/post"}],"author":[{"embeddable":true,"href":"https:\/\/themexicopost.com\/index.php?rest_route=\/wp\/v2\/users\/1"}],"replies":[{"embeddable":true,"href":"https:\/\/themexicopost.com\/index.php?rest_route=%2Fwp%2Fv2%2Fcomments&post=72843"}],"version-history":[{"count":1,"href":"https:\/\/themexicopost.com\/index.php?rest_route=\/wp\/v2\/posts\/72843\/revisions"}],"predecessor-version":[{"id":72845,"href":"https:\/\/themexicopost.com\/index.php?rest_route=\/wp\/v2\/posts\/72843\/revisions\/72845"}],"wp:featuredmedia":[{"embeddable":true,"href":"https:\/\/themexicopost.com\/index.php?rest_route=\/wp\/v2\/media\/72844"}],"wp:attachment":[{"href":"https:\/\/themexicopost.com\/index.php?rest_route=%2Fwp%2Fv2%2Fmedia&parent=72843"}],"wp:term":[{"taxonomy":"category","embeddable":true,"href":"https:\/\/themexicopost.com\/index.php?rest_route=%2Fwp%2Fv2%2Fcategories&post=72843"},{"taxonomy":"post_tag","embeddable":true,"href":"https:\/\/themexicopost.com\/index.php?rest_route=%2Fwp%2Fv2%2Ftags&post=72843"}],"curies":[{"name":"wp","href":"https:\/\/api.w.org\/{rel}","templated":true}]}}