{"id":73929,"date":"2026-01-07T07:43:01","date_gmt":"2026-01-07T13:43:01","guid":{"rendered":"https:\/\/themexicopost.com\/?p=73929"},"modified":"2026-01-07T07:43:05","modified_gmt":"2026-01-07T13:43:05","slug":"terapia-ocupacional-al-alcance-de-la-comunidad-de-la-uaemex","status":"publish","type":"post","link":"https:\/\/themexicopost.com\/?p=73929","title":{"rendered":"Terapia ocupacional al alcance de la comunidad de la UAEM\u00e9x"},"content":{"rendered":"\n<figure class=\"wp-block-pullquote\"><blockquote><p>-Las terapias est\u00e1n disponibles en la Cl\u00ednica Multidisciplinaria de Salud de la UAEM\u00e9x para todo el p\u00fablico en general los d\u00edas lunes, martes, jueves y viernes, de 9:00 a 14:00 horas, y los mi\u00e9rcoles, de 14:00 a 19:00 horas.<\/p><\/blockquote><\/figure>\n\n\n\n<p class=\"has-drop-cap\">La Universidad Aut\u00f3noma del Estado de M\u00e9xico (UAEM\u00e9x), a trav\u00e9s de la Cl\u00ednica Multidisciplinaria de Salud (CMS), brinda el servicio de Terapia Ocupacional, una atenci\u00f3n integral orientada a fortalecer habilidades funcionales y promover la autonom\u00eda de personas de todas las edades.<br><\/p>\n\n\n\n<p>La jefa del \u00e1rea de Terapia Ocupacional de la Direcci\u00f3n de Servicios M\u00e9dicos a la Sociedad del Valle de Toluca, Am\u00e9rica Pamela Quiroz Mendoza, explic\u00f3 que esta disciplina sociosanitaria busca desarrollar y recuperar habilidades necesarias para la vida diaria, de manera que cada persona pueda desempe\u00f1arse con mayor independencia, sin importar su condici\u00f3n f\u00edsica, mental o social.<br><\/p>\n\n\n\n<p>\u201cEste servicio atiende a pacientes desde el primer mes de vida hasta la edad adulta mayor. En el caso de los ni\u00f1os, las sesiones se centran en el desarrollo de habilidades motoras, cognitivas, sensoriales y del lenguaje, mientras que, en adultos, se enfocan en la readaptaci\u00f3n laboral, la ergonom\u00eda y la funcionalidad cotidiana\u201d, detall\u00f3.<br><\/p>\n\n\n\n<p>Entre las condiciones que se atienden destacan trastornos del neurodesarrollo como autismo, TDAH (Trastorno por D\u00e9ficit de Atenci\u00f3n e Hiperactividad) y dispraxias, trastornos neurol\u00f3gicos que afectan la planificaci\u00f3n y ejecuci\u00f3n de movimientos coordinados, as\u00ed como enfermedades cr\u00f3nico-degenerativas, secuelas de accidentes cerebrovasculares, demencias y Parkinson.<br><\/p>\n\n\n\n<p>La finalidad del servicio, precis\u00f3 Quiroz Mendoza, es mejorar la calidad de vida y facilitar la realizaci\u00f3n de actividades significativas \u2014desde sostener una cuchara hasta retomar un empleo o un pasatiempo\u2014, mediante un proceso que inicia con una evaluaci\u00f3n inicial y la elaboraci\u00f3n de un plan terap\u00e9utico personalizado. Cada seis meses se efect\u00faa una nueva valoraci\u00f3n para medir avances a trav\u00e9s de pruebas psicom\u00e9tricas y observaciones cualitativas.<br><\/p>\n\n\n\n<p>La Terapia Ocupacional en la CMS est\u00e1 disponible para el p\u00fablico en general los d\u00edas lunes, martes, jueves y viernes, de 9:00 a 14:00 horas, y los mi\u00e9rcoles, de 14:00 a 19:00 horas. Las citas pueden agendarse en: https:\/\/citascms.uaemex.mx o v\u00eda telef\u00f3nica al 722 212 8027 y 722 219 4122, extensiones 118 y 140.<\/p>\n","protected":false},"excerpt":{"rendered":"<p>-Las terapias est\u00e1n disponibles en la Cl\u00ednica Multidisciplinaria de Salud de la UAEM\u00e9x para todo el p\u00fablico en general los d\u00edas lunes, martes, jueves y viernes, de 9:00 a 14:00 horas, y los mi\u00e9rcoles, de 14:00 a 19:00 horas. La Universidad Aut\u00f3noma del Estado de M\u00e9xico (UAEM\u00e9x), a trav\u00e9s de la Cl\u00ednica Multidisciplinaria de Salud [&hellip;]<\/p>\n","protected":false},"author":1,"featured_media":73933,"comment_status":"closed","ping_status":"closed","sticky":false,"template":"","format":"standard","meta":{"footnotes":""},"categories":[81],"tags":[],"class_list":["post-73929","post","type-post","status-publish","format-standard","has-post-thumbnail","hentry","category-nacional"],"_links":{"self":[{"href":"https:\/\/themexicopost.com\/index.php?rest_route=\/wp\/v2\/posts\/73929","targetHints":{"allow":["GET"]}}],"collection":[{"href":"https:\/\/themexicopost.com\/index.php?rest_route=\/wp\/v2\/posts"}],"about":[{"href":"https:\/\/themexicopost.com\/index.php?rest_route=\/wp\/v2\/types\/post"}],"author":[{"embeddable":true,"href":"https:\/\/themexicopost.com\/index.php?rest_route=\/wp\/v2\/users\/1"}],"replies":[{"embeddable":true,"href":"https:\/\/themexicopost.com\/index.php?rest_route=%2Fwp%2Fv2%2Fcomments&post=73929"}],"version-history":[{"count":1,"href":"https:\/\/themexicopost.com\/index.php?rest_route=\/wp\/v2\/posts\/73929\/revisions"}],"predecessor-version":[{"id":73934,"href":"https:\/\/themexicopost.com\/index.php?rest_route=\/wp\/v2\/posts\/73929\/revisions\/73934"}],"wp:featuredmedia":[{"embeddable":true,"href":"https:\/\/themexicopost.com\/index.php?rest_route=\/wp\/v2\/media\/73933"}],"wp:attachment":[{"href":"https:\/\/themexicopost.com\/index.php?rest_route=%2Fwp%2Fv2%2Fmedia&parent=73929"}],"wp:term":[{"taxonomy":"category","embeddable":true,"href":"https:\/\/themexicopost.com\/index.php?rest_route=%2Fwp%2Fv2%2Fcategories&post=73929"},{"taxonomy":"post_tag","embeddable":true,"href":"https:\/\/themexicopost.com\/index.php?rest_route=%2Fwp%2Fv2%2Ftags&post=73929"}],"curies":[{"name":"wp","href":"https:\/\/api.w.org\/{rel}","templated":true}]}}