{"id":73948,"date":"2026-01-07T07:49:23","date_gmt":"2026-01-07T13:49:23","guid":{"rendered":"https:\/\/themexicopost.com\/?p=73948"},"modified":"2026-01-07T07:49:34","modified_gmt":"2026-01-07T13:49:34","slug":"se-registra-sismo-de-magnitud-6-7-en-la-isla-filipina-de-mindanao","status":"publish","type":"post","link":"https:\/\/themexicopost.com\/?p=73948","title":{"rendered":"Se registra sismo de magnitud 6.7 en la isla filipina de Mindanao"},"content":{"rendered":"\n<figure class=\"wp-block-pullquote\"><blockquote><p>-Las autoridades descartaron activar una alerta de tsunami y no hubo reportes inmediatos de da\u00f1os.<\/p><\/blockquote><\/figure>\n\n\n\n<p class=\"has-drop-cap\">Un sismo de magnitud 6.7 estremeci\u00f3 la provincia filipina de Davao Oriental, en la isla meridional de Mindanao, seg\u00fan un reporte preliminar del equipo de Defensa Civil del pa\u00eds asi\u00e1tico.<br><\/p>\n\n\n\n<p>A trav\u00e9s de Facebook, las autoridades difundieron este primer reporte, en el que advierten que se esperan da\u00f1os y r\u00e9plicas en esta isla, la segunda m\u00e1s poblada del pa\u00eds, con cerca de 29 millones de habitantes.<br><\/p>\n\n\n\n<p>El Instituto de Sismolog\u00eda y Vulcanolog\u00eda de Filipinas, que descart\u00f3 la activaci\u00f3n de una alerta de tsunami, ha reportado al menos siete terremotos posteriores de menor escala en la misma regi\u00f3n.<br><\/p>\n\n\n\n<p>El terremoto se registr\u00f3 a una profundidad de 0,4 kil\u00f3metros y se sinti\u00f3 en la ciudad de Davao \u2014capital de Mindanao, con unos dos millones de habitantes\u2014 con menor intensidad que en la provincia de Sarangani, donde viven unas 580.000 personas.<br><\/p>\n\n\n\n<p>Nash Paragas, un rescatista de la provincia de Davao Oriental, dijo a la AFP que no se reportaron v\u00edctimas ni da\u00f1os inicialmente.<br><\/p>\n\n\n\n<p>&#8220;Hubo sacudidas. Vi algunos autos moverse, pero creo que fue solo durante un breve periodo, unos cinco segundos&#8221;, relat\u00f3. Hasta ahora, las autoridades no han ofrecido un balance preliminar de da\u00f1os.<\/p>\n","protected":false},"excerpt":{"rendered":"<p>-Las autoridades descartaron activar una alerta de tsunami y no hubo reportes inmediatos de da\u00f1os. Un sismo de magnitud 6.7 estremeci\u00f3 la provincia filipina de Davao Oriental, en la isla meridional de Mindanao, seg\u00fan un reporte preliminar del equipo de Defensa Civil del pa\u00eds asi\u00e1tico. A trav\u00e9s de Facebook, las autoridades difundieron este primer reporte, [&hellip;]<\/p>\n","protected":false},"author":1,"featured_media":73952,"comment_status":"closed","ping_status":"closed","sticky":false,"template":"","format":"standard","meta":{"footnotes":""},"categories":[83,80],"tags":[],"class_list":["post-73948","post","type-post","status-publish","format-standard","has-post-thumbnail","hentry","category-destacado","category-mundo"],"_links":{"self":[{"href":"https:\/\/themexicopost.com\/index.php?rest_route=\/wp\/v2\/posts\/73948","targetHints":{"allow":["GET"]}}],"collection":[{"href":"https:\/\/themexicopost.com\/index.php?rest_route=\/wp\/v2\/posts"}],"about":[{"href":"https:\/\/themexicopost.com\/index.php?rest_route=\/wp\/v2\/types\/post"}],"author":[{"embeddable":true,"href":"https:\/\/themexicopost.com\/index.php?rest_route=\/wp\/v2\/users\/1"}],"replies":[{"embeddable":true,"href":"https:\/\/themexicopost.com\/index.php?rest_route=%2Fwp%2Fv2%2Fcomments&post=73948"}],"version-history":[{"count":1,"href":"https:\/\/themexicopost.com\/index.php?rest_route=\/wp\/v2\/posts\/73948\/revisions"}],"predecessor-version":[{"id":73953,"href":"https:\/\/themexicopost.com\/index.php?rest_route=\/wp\/v2\/posts\/73948\/revisions\/73953"}],"wp:featuredmedia":[{"embeddable":true,"href":"https:\/\/themexicopost.com\/index.php?rest_route=\/wp\/v2\/media\/73952"}],"wp:attachment":[{"href":"https:\/\/themexicopost.com\/index.php?rest_route=%2Fwp%2Fv2%2Fmedia&parent=73948"}],"wp:term":[{"taxonomy":"category","embeddable":true,"href":"https:\/\/themexicopost.com\/index.php?rest_route=%2Fwp%2Fv2%2Fcategories&post=73948"},{"taxonomy":"post_tag","embeddable":true,"href":"https:\/\/themexicopost.com\/index.php?rest_route=%2Fwp%2Fv2%2Ftags&post=73948"}],"curies":[{"name":"wp","href":"https:\/\/api.w.org\/{rel}","templated":true}]}}