{"id":73954,"date":"2026-01-07T07:52:11","date_gmt":"2026-01-07T13:52:11","guid":{"rendered":"https:\/\/themexicopost.com\/?p=73954"},"modified":"2026-01-07T07:52:24","modified_gmt":"2026-01-07T13:52:24","slug":"evacuan-a-decenas-de-personas-por-los-incendios-forestales-en-la-patagonia-de-argentina","status":"publish","type":"post","link":"https:\/\/themexicopost.com\/?p=73954","title":{"rendered":"Evacuan a decenas de personas por los incendios forestales en la Patagonia de Argentina"},"content":{"rendered":"\n<figure class=\"wp-block-pullquote\"><blockquote><p>Las tareas de combate se ven dificultadas por la sequ\u00eda extrema, la falta de precipitaciones y los vientos constantes.<\/p><\/blockquote><\/figure>\n\n\n\n<p class=\"has-drop-cap\">Decenas de personas fueron evacuadas por los incendios forestales que azotan a la regi\u00f3n de la Patagonia de Argentina, en el sur del pa\u00eds, que ya arrasaron miles de hect\u00e1reas de bosques y campos de producci\u00f3n agropecuaria.<br><\/p>\n\n\n\n<p>De acuerdo con datos difundidos por la Agencia Federal de Emergencias, permanecen activos tres focos de incendio en las provincias de Chubut y Santa Cruz, mientras que otros siete, localizados en esas mismas jurisdicciones y en R\u00edo Negro, fueron contenidos o controlados en las \u00faltimas horas en la regi\u00f3n patag\u00f3nica de Argentina.<br><\/p>\n\n\n\n<p>Adem\u00e1s, el Servicio Meteorol\u00f3gico Nacional (SMN) emiti\u00f3 una alerta por peligro extremo de incendios en esas mismas provincias para el resto de la semana.<br><\/p>\n\n\n\n<p>Las tareas de combate se ven dificultadas por la sequ\u00eda extrema, la falta de precipitaciones y los vientos constantes, que favorecen la propagaci\u00f3n del fuego, el cual contin\u00faa fuera de control.<br><\/p>\n\n\n\n<p>En Chubut, un incendio forestal inici\u00f3 este lunes al mediod\u00eda en Puerto Patriada, una villa tur\u00edstica del norte de la provincia, donde arras\u00f3 con viviendas, varios veh\u00edculos y oblig\u00f3 a evacuar a cientos de visitantes y residentes ante el avance de las llamas.<br><\/p>\n\n\n\n<p>El intendente de El Hoyo, C\u00e9sar Salam\u00edn, confirm\u00f3 a medios locales que decenas de pobladores fueron evacuados en veh\u00edculos en las \u00faltimas horas, sin que hubieran heridos.<br><\/p>\n\n\n\n<p>Trabajan en el lugar 53 brigadistas y personal del Servicio Provincial de Manejo del Fuego de Chubut, Gendarmer\u00eda, Bomberos Voluntarios (de Lago Puelo, El Bols\u00f3n, El Hoyo, Trevelin) y Polic\u00eda Provincial, y se utilizaron cuatro aviones hidrantes para contener el fuego.<br><\/p>\n\n\n\n<p>El gobernador de Chubut, Ignacio Torres, afirm\u00f3 en un posteo en la red social X, tras recorrer la zona de los incendios, que la provincia tiene tolerancia cero ante cualquier intento de da\u00f1o o amenaza a los vecinos de la Cordillera, en referencia al posible origen intencional de los focos.<br><\/p>\n\n\n\n<p>Otro incendio contin\u00faa activo en el Parque Nacional Los Glaciares, en Santa Cruz, donde las autoridades afirmaron que las llamas ya afectaron alrededor de 340 hect\u00e1reas de pastizales, arbustos y matorrales.<br><\/p>\n\n\n\n<p>En el operativo en Santa Cruz intervienen actualmente unas 30 personas, entre brigadistas que trabajan en la l\u00ednea de fuego y personal destinado a tareas de log\u00edstica y abastecimiento de agua, con base operativa en el pueblo de El Chalt\u00e9n.<\/p>\n","protected":false},"excerpt":{"rendered":"<p>Las tareas de combate se ven dificultadas por la sequ\u00eda extrema, la falta de precipitaciones y los vientos constantes. Decenas de personas fueron evacuadas por los incendios forestales que azotan a la regi\u00f3n de la Patagonia de Argentina, en el sur del pa\u00eds, que ya arrasaron miles de hect\u00e1reas de bosques y campos de producci\u00f3n [&hellip;]<\/p>\n","protected":false},"author":1,"featured_media":73958,"comment_status":"closed","ping_status":"closed","sticky":false,"template":"","format":"standard","meta":{"footnotes":""},"categories":[83,80],"tags":[],"class_list":["post-73954","post","type-post","status-publish","format-standard","has-post-thumbnail","hentry","category-destacado","category-mundo"],"_links":{"self":[{"href":"https:\/\/themexicopost.com\/index.php?rest_route=\/wp\/v2\/posts\/73954","targetHints":{"allow":["GET"]}}],"collection":[{"href":"https:\/\/themexicopost.com\/index.php?rest_route=\/wp\/v2\/posts"}],"about":[{"href":"https:\/\/themexicopost.com\/index.php?rest_route=\/wp\/v2\/types\/post"}],"author":[{"embeddable":true,"href":"https:\/\/themexicopost.com\/index.php?rest_route=\/wp\/v2\/users\/1"}],"replies":[{"embeddable":true,"href":"https:\/\/themexicopost.com\/index.php?rest_route=%2Fwp%2Fv2%2Fcomments&post=73954"}],"version-history":[{"count":1,"href":"https:\/\/themexicopost.com\/index.php?rest_route=\/wp\/v2\/posts\/73954\/revisions"}],"predecessor-version":[{"id":73959,"href":"https:\/\/themexicopost.com\/index.php?rest_route=\/wp\/v2\/posts\/73954\/revisions\/73959"}],"wp:featuredmedia":[{"embeddable":true,"href":"https:\/\/themexicopost.com\/index.php?rest_route=\/wp\/v2\/media\/73958"}],"wp:attachment":[{"href":"https:\/\/themexicopost.com\/index.php?rest_route=%2Fwp%2Fv2%2Fmedia&parent=73954"}],"wp:term":[{"taxonomy":"category","embeddable":true,"href":"https:\/\/themexicopost.com\/index.php?rest_route=%2Fwp%2Fv2%2Fcategories&post=73954"},{"taxonomy":"post_tag","embeddable":true,"href":"https:\/\/themexicopost.com\/index.php?rest_route=%2Fwp%2Fv2%2Ftags&post=73954"}],"curies":[{"name":"wp","href":"https:\/\/api.w.org\/{rel}","templated":true}]}}