{"id":73963,"date":"2026-01-07T07:58:54","date_gmt":"2026-01-07T13:58:54","guid":{"rendered":"https:\/\/themexicopost.com\/?p=73963"},"modified":"2026-01-07T07:59:00","modified_gmt":"2026-01-07T13:59:00","slug":"feminicidios-en-cuba-fueron-cometidos-por-las-parejas-de-las-victimas","status":"publish","type":"post","link":"https:\/\/themexicopost.com\/?p=73963","title":{"rendered":"Feminicidios en Cuba fueron cometidos por las parejas de las v\u00edctimas"},"content":{"rendered":"\n<figure class=\"wp-block-pullquote\"><blockquote><p>El n\u00famero de mujeres asesinadas representa solamente un subregistro debido a la falta de datos oficiales actualizados.<\/p><\/blockquote><\/figure>\n\n\n\n<p class=\"has-drop-cap\">El 81 % de los 43 feminicidios confirmados en Cuba en 2025 fueron cometidos por las parejas de las v\u00edctimas, de acuerdo con cifras cotejadas a partir del registro de las plataformas independientes Yo S\u00ed Te Creo y Alas Tensas.<br><\/p>\n\n\n\n<p>En el a\u00f1o reci\u00e9n concluido, el total de asesinatos machistas en la isla alcanz\u00f3 su nivel m\u00e1s bajo desde 2022, cuando las feministas confirmaron un total de 36.<br><\/p>\n\n\n\n<p>Sin embargo, el n\u00famero de mujeres asesinadas representa solamente un subregistro debido a la falta de datos oficiales actualizados en tiempo real, seg\u00fan han aclarado las ONG.<br><\/p>\n\n\n\n<p>\u201cLa persistente opacidad informativa del Estado cubano, unida a la criminalizaci\u00f3n del activismo feminista y de derechos humanos, refuerza la necesidad de registros independientes que permitan dimensionar la magnitud y los patrones de estas violencias\u201d, denunciaron las organizaciones.<br><\/p>\n\n\n\n<p>Seg\u00fan sus registros, el 39 % de los victimarios son exparejas de las cubanas asesinadas, mientras que cinco de los 43 feminicidas contaban con antecedentes penales o ya hab\u00edan sido denunciados por la v\u00edctima antes de cometer el crimen.<br><\/p>\n\n\n\n<p>Si se considera la poblaci\u00f3n femenina total en Cuba, el pa\u00eds concluy\u00f3 2025 con una tasa de 0,87 feminicidios por cada 100.000 mujeres.<br><\/p>\n\n\n\n<p>El dato ubica a la isla, con menos de 10 millones de habitantes, ligeramente por encima de la media regional, seg\u00fan datos de la Comisi\u00f3n Econ\u00f3mica para Am\u00e9rica Latina y el Caribe (CEPAL) recopilados por EFE.<br><\/p>\n\n\n\n<p>El informe final de Yo S\u00ed Te Creo y Alas Tensas confirm\u00f3, nuevamente, un incremento en la edad promedio de las v\u00edctimas de feminicidio en Cuba: 38,6 a\u00f1os. En 2024 la media fue de 36 y en 2023 de 35.<br><\/p>\n\n\n\n<p>Las provincias con los \u00edndices m\u00e1s significativos -en correspondencia con su poblaci\u00f3n- fueron Holgu\u00edn (1,27 feminicidios por cada 100.000 mujeres), Ciego de \u00c1vila (1,4) y Matanzas (1,21). La Habana, la regi\u00f3n m\u00e1s poblada, termin\u00f3 el a\u00f1o con ocho feminicidios (una tasa de 0,73).v<\/p>\n","protected":false},"excerpt":{"rendered":"<p>El n\u00famero de mujeres asesinadas representa solamente un subregistro debido a la falta de datos oficiales actualizados. El 81 % de los 43 feminicidios confirmados en Cuba en 2025 fueron cometidos por las parejas de las v\u00edctimas, de acuerdo con cifras cotejadas a partir del registro de las plataformas independientes Yo S\u00ed Te Creo y [&hellip;]<\/p>\n","protected":false},"author":1,"featured_media":73968,"comment_status":"closed","ping_status":"closed","sticky":false,"template":"","format":"standard","meta":{"footnotes":""},"categories":[80],"tags":[],"class_list":["post-73963","post","type-post","status-publish","format-standard","has-post-thumbnail","hentry","category-mundo"],"_links":{"self":[{"href":"https:\/\/themexicopost.com\/index.php?rest_route=\/wp\/v2\/posts\/73963","targetHints":{"allow":["GET"]}}],"collection":[{"href":"https:\/\/themexicopost.com\/index.php?rest_route=\/wp\/v2\/posts"}],"about":[{"href":"https:\/\/themexicopost.com\/index.php?rest_route=\/wp\/v2\/types\/post"}],"author":[{"embeddable":true,"href":"https:\/\/themexicopost.com\/index.php?rest_route=\/wp\/v2\/users\/1"}],"replies":[{"embeddable":true,"href":"https:\/\/themexicopost.com\/index.php?rest_route=%2Fwp%2Fv2%2Fcomments&post=73963"}],"version-history":[{"count":1,"href":"https:\/\/themexicopost.com\/index.php?rest_route=\/wp\/v2\/posts\/73963\/revisions"}],"predecessor-version":[{"id":73969,"href":"https:\/\/themexicopost.com\/index.php?rest_route=\/wp\/v2\/posts\/73963\/revisions\/73969"}],"wp:featuredmedia":[{"embeddable":true,"href":"https:\/\/themexicopost.com\/index.php?rest_route=\/wp\/v2\/media\/73968"}],"wp:attachment":[{"href":"https:\/\/themexicopost.com\/index.php?rest_route=%2Fwp%2Fv2%2Fmedia&parent=73963"}],"wp:term":[{"taxonomy":"category","embeddable":true,"href":"https:\/\/themexicopost.com\/index.php?rest_route=%2Fwp%2Fv2%2Fcategories&post=73963"},{"taxonomy":"post_tag","embeddable":true,"href":"https:\/\/themexicopost.com\/index.php?rest_route=%2Fwp%2Fv2%2Ftags&post=73963"}],"curies":[{"name":"wp","href":"https:\/\/api.w.org\/{rel}","templated":true}]}}