{"id":73973,"date":"2026-01-07T08:22:50","date_gmt":"2026-01-07T14:22:50","guid":{"rendered":"https:\/\/themexicopost.com\/?p=73973"},"modified":"2026-01-07T08:22:53","modified_gmt":"2026-01-07T14:22:53","slug":"anuncia-el-gobierno-de-brandeburgo-quiebre-de-su-coalicion","status":"publish","type":"post","link":"https:\/\/themexicopost.com\/?p=73973","title":{"rendered":"Anuncia el gobierno de Brandeburgo quiebre de su coalici\u00f3n"},"content":{"rendered":"\n<figure class=\"wp-block-pullquote\"><blockquote><p>-El Ejecutivo estatal formado por el Partido Socialdem\u00f3crata Alem\u00e1n (SPD) y la Alianza Sahra Wagenknecht (BSW) perdi\u00f3 la mayor\u00eda por dimisiones en este \u00faltimo partido.<\/p><\/blockquote><\/figure>\n\n\n\n<p class=\"has-drop-cap\">La coalici\u00f3n que gobernaba el estado federado de Brandeburgo, en el este de Alemania, se disolvi\u00f3 tras poco m\u00e1s de un a\u00f1o debido a los problemas internos que vive la Alianza Sahra Wagenknecht (BSW), uno de los dos partidos que daban sustento al Gobierno. El ministro presidente Dietmar Woidke (SPD) anunci\u00f3 la noticia, tras la dimisi\u00f3n de varios diputados de la BSW.<br><\/p>\n\n\n\n<p>&#8220;Este colapso del grupo parlamentario ha eliminado las bases para el trabajo conjunto en una coalici\u00f3n, el sustento para una mayor\u00eda democr\u00e1tica ya no existe&#8221;, dijo Woidke. &#8220;Por tanto, para m\u00ed, la coalici\u00f3n ha dejado de existir&#8221;, agreg\u00f3 el pol\u00edtico, que espera poder gobernar moment\u00e1neamente en minor\u00eda mientras abre un di\u00e1logo con la Uni\u00f3n Cristianodem\u00f3crata (CDU), que podr\u00eda durar semanas o meses.<br><\/p>\n\n\n\n<p>La coalici\u00f3n gobernante conformada por el SPD y la BSW era la \u00fanica en su tipo en toda Alemania, comenz\u00f3 a trabajar en diciembre de 2024 y en ese momento ten\u00eda dos votos m\u00e1s de los necesarios para conformar mayor\u00eda.<br><\/p>\n\n\n\n<p>Sin embargo, en noviembre pasado la alianza comenz\u00f3 a tambalear con la salida de cuatro diputados de la BSW, que acusaron tendencias autoritarias dentro del partido.<br><\/p>\n\n\n\n<p>Si bien de los cuatro parlamentarios que hab\u00edan salido, dos retornaron a la BSW, el expresidente regional del partido, Robert Crumbach, que adem\u00e1s es ministro de Finanzas estatal, anunci\u00f3 su salida del partido y del grupo parlamentario y su intenci\u00f3n de seguir en el gobierno local. Poco m\u00e1s tarde, otros dos representantes abandonaron tambi\u00e9n el partido, dejando a la coalici\u00f3n sin la mayor\u00eda necesaria.<br><\/p>\n\n\n\n<p>Durante varias semanas, Woidke inst\u00f3 a BSW a poner fin a sus conflictos internos. Sin embargo, esto no sucedi\u00f3 e incluso en alguna ocasi\u00f3n la BSW vot\u00f3 en contra de leyes s\u00ed aprobadas por sus compa\u00f1eros de coalici\u00f3n. Ahora, dijo Woidke, el objetivo es recuperar la mayor\u00eda democr\u00e1tica, porque tambi\u00e9n hay que preparar las pr\u00f3ximas negociaciones presupuestarias.<\/p>\n","protected":false},"excerpt":{"rendered":"<p>-El Ejecutivo estatal formado por el Partido Socialdem\u00f3crata Alem\u00e1n (SPD) y la Alianza Sahra Wagenknecht (BSW) perdi\u00f3 la mayor\u00eda por dimisiones en este \u00faltimo partido. La coalici\u00f3n que gobernaba el estado federado de Brandeburgo, en el este de Alemania, se disolvi\u00f3 tras poco m\u00e1s de un a\u00f1o debido a los problemas internos que vive la [&hellip;]<\/p>\n","protected":false},"author":1,"featured_media":73976,"comment_status":"closed","ping_status":"closed","sticky":false,"template":"","format":"standard","meta":{"footnotes":""},"categories":[83,80,85],"tags":[],"class_list":["post-73973","post","type-post","status-publish","format-standard","has-post-thumbnail","hentry","category-destacado","category-mundo","category-portada"],"_links":{"self":[{"href":"https:\/\/themexicopost.com\/index.php?rest_route=\/wp\/v2\/posts\/73973","targetHints":{"allow":["GET"]}}],"collection":[{"href":"https:\/\/themexicopost.com\/index.php?rest_route=\/wp\/v2\/posts"}],"about":[{"href":"https:\/\/themexicopost.com\/index.php?rest_route=\/wp\/v2\/types\/post"}],"author":[{"embeddable":true,"href":"https:\/\/themexicopost.com\/index.php?rest_route=\/wp\/v2\/users\/1"}],"replies":[{"embeddable":true,"href":"https:\/\/themexicopost.com\/index.php?rest_route=%2Fwp%2Fv2%2Fcomments&post=73973"}],"version-history":[{"count":1,"href":"https:\/\/themexicopost.com\/index.php?rest_route=\/wp\/v2\/posts\/73973\/revisions"}],"predecessor-version":[{"id":73977,"href":"https:\/\/themexicopost.com\/index.php?rest_route=\/wp\/v2\/posts\/73973\/revisions\/73977"}],"wp:featuredmedia":[{"embeddable":true,"href":"https:\/\/themexicopost.com\/index.php?rest_route=\/wp\/v2\/media\/73976"}],"wp:attachment":[{"href":"https:\/\/themexicopost.com\/index.php?rest_route=%2Fwp%2Fv2%2Fmedia&parent=73973"}],"wp:term":[{"taxonomy":"category","embeddable":true,"href":"https:\/\/themexicopost.com\/index.php?rest_route=%2Fwp%2Fv2%2Fcategories&post=73973"},{"taxonomy":"post_tag","embeddable":true,"href":"https:\/\/themexicopost.com\/index.php?rest_route=%2Fwp%2Fv2%2Ftags&post=73973"}],"curies":[{"name":"wp","href":"https:\/\/api.w.org\/{rel}","templated":true}]}}