{"id":75043,"date":"2026-01-23T07:00:22","date_gmt":"2026-01-23T13:00:22","guid":{"rendered":"https:\/\/themexicopost.com\/?p=75043"},"modified":"2026-01-23T07:00:27","modified_gmt":"2026-01-23T13:00:27","slug":"entrega-clara-brugada-20-nuevas-escaleras-electricas-del-metro","status":"publish","type":"post","link":"https:\/\/themexicopost.com\/?p=75043","title":{"rendered":"Entrega Clara Brugada 20 nuevas escaleras el\u00e9ctricas del Metro"},"content":{"rendered":"\n<figure class=\"wp-block-pullquote\"><blockquote><p>-Dijo que el 96% de las escaleras del Metro est\u00e1n funcionando, y que el \u00fanico problema de exclusi\u00f3n es que no sirvan las escaleras o los elevadores<\/p><\/blockquote><\/figure>\n\n\n\n<p class=\"has-drop-cap\">La jefa de Gobierno, Clara Brugada Molina, entreg\u00f3 20 nuevas escaleras electromec\u00e1nicas en estaciones estrat\u00e9gicas del Sistema de Transporte Colectivo (STC) Metro como parte de una pol\u00edtica integral de accesibilidad, mantenimiento y cuidado del principal bien p\u00fablico de la Ciudad de M\u00e9xico, mismo que contempla la sustituci\u00f3n de 120 equipos de este tipo para el 2030.<br><\/p>\n\n\n\n<p>La mandataria local celebr\u00f3 la puesta en marcha de las 20 nuevas escaleras en las estaciones Camarones, Tacuba, Bellas Artes, Pantitl\u00e1n, Centro M\u00e9dico y Patriotismo, correspondientes a las l\u00edneas 7, 8 y 9 de este sistema de transporte.<br><\/p>\n\n\n\n<p>Brugada Molina inform\u00f3 que este a\u00f1o se beneficiar\u00e1 directamente a m\u00e1s de 15 mil personas tan s\u00f3lo en la estaci\u00f3n Camarones, y anunci\u00f3 un programa de renovaci\u00f3n progresiva que contempla la sustituci\u00f3n total de 120 escaleras electromec\u00e1nicas a lo largo de su administraci\u00f3n, 20 por cada a\u00f1o; adem\u00e1s, de contemplar un esquema permanente de mantenimiento preventivo y correctivo. Actualmente, se\u00f1al\u00f3, 96 por ciento de las escaleras del Metro se encuentran en funcionamiento.<br><\/p>\n\n\n\n<p>Brugada Molina destac\u00f3 que el correcto funcionamiento de estos equipos es uno de los principales factores con los que la poblaci\u00f3n eval\u00faa su experiencia de viaje, por lo que garantizar su operaci\u00f3n es clave para un Metro seguro, eficiente y totalmente accesible, especialmente para personas con discapacidad, adultas mayores y usuarios con movilidad limitada.<br><\/p>\n\n\n\n<p>Como parte de una estrategia de atenci\u00f3n directa a la ciudadan\u00eda, Brugada Molina puso a disposici\u00f3n el n\u00famero telef\u00f3nico 56 5801 6642, correspondiente a la Jefatura de Gobierno, para recibir reportes sobre fallas en escaleras o elevadores. Asegur\u00f3 que estos avisos ser\u00e1n atendidos de manera inmediata en coordinaci\u00f3n con la Direcci\u00f3n General del Metro, ya que, asegur\u00f3, \u201cestamos pagando por el mantenimiento y se han renovado los equipos m\u00e1s deteriorados\u201d.<br><\/p>\n\n\n\n<p>La Jefa de Gobierno destac\u00f3 que el Metro recibi\u00f3 un incremento presupuestal de 20 por ciento para este a\u00f1o, lo que representa 8 mil millones de pesos en dos a\u00f1os, destinados a modernizaci\u00f3n, mantenimiento mayor y renovaci\u00f3n de infraestructura.<br><\/p>\n\n\n\n<p>Entre las acciones en marcha, record\u00f3 la conclusi\u00f3n de la renovaci\u00f3n de la L\u00ednea 1 hasta Observatorio, el arranque este 2026 de los trabajos en la L\u00ednea 3, as\u00ed como la inversi\u00f3n para el mantenimiento mayor de la L\u00ednea A y la adecuaci\u00f3n integral de las estaciones de la L\u00ednea 2, para las cuales ya se cuenta con los recursos necesarios.<br><\/p>\n\n\n\n<p>La titular del Ejecutivo local tambi\u00e9n destac\u00f3 que, de acuerdo con datos del INEGI, entre 2019 y 2025 aument\u00f3 29 por ciento la opini\u00f3n favorable de las y los usuarios sobre la mejora del Metro, as\u00ed como la percepci\u00f3n de seguridad en el sistema. \u201cEs una tarea apasionante por su grandeza y por los retos que implica, pero estamos en el camino correcto\u201d, concluy\u00f3.<br><\/p>\n\n\n\n<p>Por su parte, el secretario de Movilidad (Semovi), H\u00e9ctor Ulises Garc\u00eda Nieto, indic\u00f3 que con la entrega de estas escaleras \u201cse demuestra que la pol\u00edtica de la Jefa de Gobierno en torno a la movilidad es exitosa y que se ha puesto en el foco el asunto de c\u00f3mo atendemos bien a los usuarios y c\u00f3mo trabajamos para ellos\u201d.<br><\/p>\n\n\n\n<p>En su intervenci\u00f3n el director general del Sistema de Transporte Colectivo (STC Metro), Adri\u00e1n Rubalcava Su\u00e1rez, detall\u00f3 que en total se entregaron 20 escaleras electromec\u00e1nicas: ocho en la estaci\u00f3n Camarones, cuatro en Tacuba, dos en Pantitl\u00e1n, dos en Patriotismo, dos en Bellas Artes y dos m\u00e1s en Centro M\u00e9dico, las cuales beneficiar\u00e1n a 3. 9 millones de usuarios al mes, mismas que tuvieron una inversi\u00f3n de 9 millones de pesos por escalera.<br><\/p>\n\n\n\n<p>Asimismo, destac\u00f3 que actualmente el 54 por ciento de las escaleras electromec\u00e1nicas del Metro cuenta con sensores, que permiten supervisar el funcionamiento de las escaleras desde un centro de monitoreo SCAR de forma remota.<\/p>\n","protected":false},"excerpt":{"rendered":"<p>-Dijo que el 96% de las escaleras del Metro est\u00e1n funcionando, y que el \u00fanico problema de exclusi\u00f3n es que no sirvan las escaleras o los elevadores La jefa de Gobierno, Clara Brugada Molina, entreg\u00f3 20 nuevas escaleras electromec\u00e1nicas en estaciones estrat\u00e9gicas del Sistema de Transporte Colectivo (STC) Metro como parte de una pol\u00edtica integral [&hellip;]<\/p>\n","protected":false},"author":1,"featured_media":75047,"comment_status":"closed","ping_status":"closed","sticky":false,"template":"","format":"standard","meta":{"footnotes":""},"categories":[82,83],"tags":[],"class_list":["post-75043","post","type-post","status-publish","format-standard","has-post-thumbnail","hentry","category-cdmx","category-destacado"],"_links":{"self":[{"href":"https:\/\/themexicopost.com\/index.php?rest_route=\/wp\/v2\/posts\/75043","targetHints":{"allow":["GET"]}}],"collection":[{"href":"https:\/\/themexicopost.com\/index.php?rest_route=\/wp\/v2\/posts"}],"about":[{"href":"https:\/\/themexicopost.com\/index.php?rest_route=\/wp\/v2\/types\/post"}],"author":[{"embeddable":true,"href":"https:\/\/themexicopost.com\/index.php?rest_route=\/wp\/v2\/users\/1"}],"replies":[{"embeddable":true,"href":"https:\/\/themexicopost.com\/index.php?rest_route=%2Fwp%2Fv2%2Fcomments&post=75043"}],"version-history":[{"count":1,"href":"https:\/\/themexicopost.com\/index.php?rest_route=\/wp\/v2\/posts\/75043\/revisions"}],"predecessor-version":[{"id":75048,"href":"https:\/\/themexicopost.com\/index.php?rest_route=\/wp\/v2\/posts\/75043\/revisions\/75048"}],"wp:featuredmedia":[{"embeddable":true,"href":"https:\/\/themexicopost.com\/index.php?rest_route=\/wp\/v2\/media\/75047"}],"wp:attachment":[{"href":"https:\/\/themexicopost.com\/index.php?rest_route=%2Fwp%2Fv2%2Fmedia&parent=75043"}],"wp:term":[{"taxonomy":"category","embeddable":true,"href":"https:\/\/themexicopost.com\/index.php?rest_route=%2Fwp%2Fv2%2Fcategories&post=75043"},{"taxonomy":"post_tag","embeddable":true,"href":"https:\/\/themexicopost.com\/index.php?rest_route=%2Fwp%2Fv2%2Ftags&post=75043"}],"curies":[{"name":"wp","href":"https:\/\/api.w.org\/{rel}","templated":true}]}}