{"id":75099,"date":"2026-01-23T07:20:07","date_gmt":"2026-01-23T13:20:07","guid":{"rendered":"https:\/\/themexicopost.com\/?p=75099"},"modified":"2026-01-23T07:20:08","modified_gmt":"2026-01-23T13:20:08","slug":"ia-de-promesa-futurista-a-democratizacion-efectiva","status":"publish","type":"post","link":"https:\/\/themexicopost.com\/?p=75099","title":{"rendered":"IA: DE PROMESA FUTURISTA A DEMOCRATIZACI\u00d3N EFECTIVA"},"content":{"rendered":"\n<p>P<strong>or Ernesto Piedras<\/strong><\/p>\n\n\n\n<p class=\"has-drop-cap\">Inicialmente, la Inteligencia Artificial (IA) fue concebida como una promesa distante, asociada m\u00e1s al imaginario de la ciencia ficci\u00f3n y a los laboratorios de investigaci\u00f3n que a la vida cotidiana de los usuarios.<br><\/p>\n\n\n\n<p>Su presentaci\u00f3n se constru\u00eda desde el asombro tecnol\u00f3gico, pero con escasa adopci\u00f3n pr\u00e1ctica para la mayor\u00eda de la poblaci\u00f3n.<br><\/p>\n\n\n\n<p>Hoy, esa etapa ha quedado atr\u00e1s. La IA se ha integrado de forma acelerada en dispositivos, plataformas y servicios, hasta convertirse en un componente central de su propuesta de valor.<br><\/p>\n\n\n\n<p>El mercado de smartphones ofrece una radiograf\u00eda clara de esta transformaci\u00f3n. La IA se consolida como un nuevo eje de diferenciaci\u00f3n competitiva, con una relevancia creciente por segmento. En la Gama Baja, 3% de los usuarios identifica a la IA como un atributo relevante al momento de elegir un equipo. En la Gama Media, su peso ha comenzado a escalar para llegar a 7%, mientras que en la Gama Alta ya resulta decisiva para cerca de un tercio de los consumidores.<br><\/p>\n\n\n\n<p>Este comportamiento confirma que la IA dej\u00f3 de ser un elemento ornamental o de mercadotecnia para convertirse en un factor funcional que incide en la percepci\u00f3n de valor.<br><\/p>\n\n\n\n<p>Su impacto no radica \u00fanicamente en agregar nuevas funciones, sino en optimizar el desempe\u00f1o del hardware existente, extender la vida \u00fatil de los dispositivos y elevar su utilidad pr\u00e1ctica.<br><\/p>\n\n\n\n<p>Un cambio estructural comienza a observarse en la estrategia de los fabricantes. La l\u00f3gica tradicional, en la que la innovaci\u00f3n se reservaba primero y casi exclusivamente para la Gama Alta, empieza a perderse.<br><\/p>\n\n\n\n<p>Marcas como TECNO Mobile han apostado por integrar capacidades de IA en dispositivos de Gama Media y e incluso en la Baja, al incorporar herramientas avanzadas de imagen, asistentes de llamadas, traducci\u00f3n y resumen de contenidos, entre otras funciones.<br><\/p>\n\n\n\n<p>Esta estrategia introduce un elemento disruptivo en la din\u00e1mica competitiva del mercado. Al acercar la IA a segmentos hist\u00f3ricamente limitados en funcionalidades, el resto de la industria se ve presionado a acelerar la adopci\u00f3n de estas capacidades en equipos m\u00e1s accesibles.<br><\/p>\n\n\n\n<p>En este sentido, la IA comienza a consolidarse como un factor de democratizaci\u00f3n tecnol\u00f3gica, al ampliar el acceso a herramientas avanzadas para una base mucho m\u00e1s amplia de usuarios.<br><\/p>\n\n\n\n<p>Apple y Google: Alianza Estrat\u00e9gica para la IA en Dispositivos. En paralelo, en d\u00edas recientes tuvo lugar una convergencia estrat\u00e9gica entre Apple y Google en materia de IA en dispositivos.<br><\/p>\n\n\n\n<p>M\u00e1s all\u00e1 de la competencia hist\u00f3rica entre ambos ecosistemas, la colaboraci\u00f3n para integrar modelos avanzados de IA generativa directamente en el hardware refleja la necesidad de una ejecuci\u00f3n local, eficiente y segura en los dispositivos.<br><\/p>\n\n\n\n<p>Esta aproximaci\u00f3n permite reducir la dependencia de la nube, mejorar la privacidad de los usuarios y ofrecer experiencias m\u00e1s inmediatas y personalizadas. Al mismo tiempo, deja ver que la IA ha pasado de ser un diferenciador exclusivo para convertirse en una capa transversal del ecosistema digital.<br><\/p>\n\n\n\n<p>No es casualidad que esta narrativa haya quedado claramente reflejada en el CES 2026, donde la IA dej\u00f3 de presentarse como una categor\u00eda independiente para convertirse en la base sobre la que se desarrollan pr\u00e1cticamente todos los nuevos dispositivos y servicios.<br><\/p>\n\n\n\n<p>M\u00e1s que una moda tecnol\u00f3gica, la integraci\u00f3n transversal de la Inteligencia Artificial apunta a una transformaci\u00f3n estructural del mercado m\u00f3vil.<br><\/p>\n\n\n\n<p>La competencia ya no se define \u00fanicamente por especificaciones t\u00e9cnicas o demostraciones de innovaci\u00f3n de alto perfil, sino por la capacidad de los fabricantes para traducir tecnolog\u00eda compleja en valor cotidiano y beneficios tangibles para millones de personas.<br><\/p>\n\n\n\n<p>En ese proceso, la IA se consolida como uno de los principales habilitadores de inclusi\u00f3n, productividad y conectividad en la econom\u00eda digital.<\/p>\n","protected":false},"excerpt":{"rendered":"<p>Por Ernesto Piedras Inicialmente, la Inteligencia Artificial (IA) fue concebida como una promesa distante, asociada m\u00e1s al imaginario de la ciencia ficci\u00f3n y a los laboratorios de investigaci\u00f3n que a la vida cotidiana de los usuarios. Su presentaci\u00f3n se constru\u00eda desde el asombro tecnol\u00f3gico, pero con escasa adopci\u00f3n pr\u00e1ctica para la mayor\u00eda de la poblaci\u00f3n. [&hellip;]<\/p>\n","protected":false},"author":1,"featured_media":75103,"comment_status":"closed","ping_status":"closed","sticky":false,"template":"","format":"standard","meta":{"footnotes":""},"categories":[84],"tags":[],"class_list":["post-75099","post","type-post","status-publish","format-standard","has-post-thumbnail","hentry","category-editorial"],"_links":{"self":[{"href":"https:\/\/themexicopost.com\/index.php?rest_route=\/wp\/v2\/posts\/75099","targetHints":{"allow":["GET"]}}],"collection":[{"href":"https:\/\/themexicopost.com\/index.php?rest_route=\/wp\/v2\/posts"}],"about":[{"href":"https:\/\/themexicopost.com\/index.php?rest_route=\/wp\/v2\/types\/post"}],"author":[{"embeddable":true,"href":"https:\/\/themexicopost.com\/index.php?rest_route=\/wp\/v2\/users\/1"}],"replies":[{"embeddable":true,"href":"https:\/\/themexicopost.com\/index.php?rest_route=%2Fwp%2Fv2%2Fcomments&post=75099"}],"version-history":[{"count":1,"href":"https:\/\/themexicopost.com\/index.php?rest_route=\/wp\/v2\/posts\/75099\/revisions"}],"predecessor-version":[{"id":75104,"href":"https:\/\/themexicopost.com\/index.php?rest_route=\/wp\/v2\/posts\/75099\/revisions\/75104"}],"wp:featuredmedia":[{"embeddable":true,"href":"https:\/\/themexicopost.com\/index.php?rest_route=\/wp\/v2\/media\/75103"}],"wp:attachment":[{"href":"https:\/\/themexicopost.com\/index.php?rest_route=%2Fwp%2Fv2%2Fmedia&parent=75099"}],"wp:term":[{"taxonomy":"category","embeddable":true,"href":"https:\/\/themexicopost.com\/index.php?rest_route=%2Fwp%2Fv2%2Fcategories&post=75099"},{"taxonomy":"post_tag","embeddable":true,"href":"https:\/\/themexicopost.com\/index.php?rest_route=%2Fwp%2Fv2%2Ftags&post=75099"}],"curies":[{"name":"wp","href":"https:\/\/api.w.org\/{rel}","templated":true}]}}