{"id":75108,"date":"2026-01-23T07:24:31","date_gmt":"2026-01-23T13:24:31","guid":{"rendered":"https:\/\/themexicopost.com\/?p=75108"},"modified":"2026-01-23T07:25:05","modified_gmt":"2026-01-23T13:25:05","slug":"canada-no-vive-gracias-a-estados-unidos-mark-carney","status":"publish","type":"post","link":"https:\/\/themexicopost.com\/?p=75108","title":{"rendered":"&#8220;Canad\u00e1 no vive gracias a Estados Unidos&#8221;: Mark Carney"},"content":{"rendered":"\n<figure class=\"wp-block-pullquote\"><blockquote><p>-El primer ministro canadiense ripost\u00f3 al mandatario de EE.UU., quien en Davos le reclam\u00f3 por no ser agradecido.<\/p><\/blockquote><\/figure>\n\n\n\n<p class=\"has-drop-cap\">&#8220;Canad\u00e1 no existe gracias a Estados Unidos&#8221;, dijo el primer ministro canadiense Mark Carney en respuesta a los ataques de Donald Trump en la v\u00edspera en Davos.<br><\/p>\n\n\n\n<p>&#8220;Canad\u00e1 y Estados Unidos han forjado una asociaci\u00f3n extraordinaria&#8221;, afirm\u00f3 Carney en un discurso a la naci\u00f3n desde Quebec. &#8220;Canad\u00e1 no existe gracias a Estados Unidos. Canad\u00e1 prospera porque somos canadienses. Somos due\u00f1os de nuestro pa\u00eds, es nuestro pa\u00eds, es nuestro futuro&#8221;, agreg\u00f3.<br><\/p>\n\n\n\n<p>Desde su regreso a la Casa Blanca el a\u00f1o pasado, Trump ha insinuado varias veces su voluntad de anexionar Canad\u00e1 a Estados Unidos.<br><\/p>\n\n\n\n<p>Carney dio un discurso en el Foro de Davos que le vali\u00f3 la ovaci\u00f3n de los presentes. Sin mencionar a Trump por su nombre, Carney dijo que el sistema de gobernanza global liderado por Estados Unidos estaba sufriendo una ruptura.<br><\/p>\n\n\n\n<p>Dijo que las potencias medianas, como Canad\u00e1, que hab\u00edan prosperado durante la era de la hegemon\u00eda estadounidense, deb\u00edan darse cuenta de que se hab\u00eda instalado una nueva realidad.<br><\/p>\n\n\n\n<p>Carney a\u00f1adi\u00f3 desde Davos que estas potencias deb\u00edan trazar un nuevo camino y unirse para defender los valores internacionales fundamentales. El primer ministro reafirm\u00f3 que Canad\u00e1 debe servir de modelo en una era de declive democr\u00e1tico.<br><\/p>\n\n\n\n<p>Trump respondi\u00f3 a Carney tambi\u00e9n desde Davos: &#8220;No se mostr\u00f3 muy agradecido&#8221;, dijo. &#8220;Canad\u00e1 vive gracias a Estados Unidos. Recu\u00e9rdalo, Mark, la pr\u00f3xima vez que hagas declaraciones&#8221;.<\/p>\n","protected":false},"excerpt":{"rendered":"<p>-El primer ministro canadiense ripost\u00f3 al mandatario de EE.UU., quien en Davos le reclam\u00f3 por no ser agradecido. &#8220;Canad\u00e1 no existe gracias a Estados Unidos&#8221;, dijo el primer ministro canadiense Mark Carney en respuesta a los ataques de Donald Trump en la v\u00edspera en Davos. &#8220;Canad\u00e1 y Estados Unidos han forjado una asociaci\u00f3n extraordinaria&#8221;, afirm\u00f3 [&hellip;]<\/p>\n","protected":false},"author":1,"featured_media":75112,"comment_status":"closed","ping_status":"closed","sticky":false,"template":"","format":"standard","meta":{"footnotes":""},"categories":[83,80,85],"tags":[],"class_list":["post-75108","post","type-post","status-publish","format-standard","has-post-thumbnail","hentry","category-destacado","category-mundo","category-portada"],"_links":{"self":[{"href":"https:\/\/themexicopost.com\/index.php?rest_route=\/wp\/v2\/posts\/75108","targetHints":{"allow":["GET"]}}],"collection":[{"href":"https:\/\/themexicopost.com\/index.php?rest_route=\/wp\/v2\/posts"}],"about":[{"href":"https:\/\/themexicopost.com\/index.php?rest_route=\/wp\/v2\/types\/post"}],"author":[{"embeddable":true,"href":"https:\/\/themexicopost.com\/index.php?rest_route=\/wp\/v2\/users\/1"}],"replies":[{"embeddable":true,"href":"https:\/\/themexicopost.com\/index.php?rest_route=%2Fwp%2Fv2%2Fcomments&post=75108"}],"version-history":[{"count":2,"href":"https:\/\/themexicopost.com\/index.php?rest_route=\/wp\/v2\/posts\/75108\/revisions"}],"predecessor-version":[{"id":75114,"href":"https:\/\/themexicopost.com\/index.php?rest_route=\/wp\/v2\/posts\/75108\/revisions\/75114"}],"wp:featuredmedia":[{"embeddable":true,"href":"https:\/\/themexicopost.com\/index.php?rest_route=\/wp\/v2\/media\/75112"}],"wp:attachment":[{"href":"https:\/\/themexicopost.com\/index.php?rest_route=%2Fwp%2Fv2%2Fmedia&parent=75108"}],"wp:term":[{"taxonomy":"category","embeddable":true,"href":"https:\/\/themexicopost.com\/index.php?rest_route=%2Fwp%2Fv2%2Fcategories&post=75108"},{"taxonomy":"post_tag","embeddable":true,"href":"https:\/\/themexicopost.com\/index.php?rest_route=%2Fwp%2Fv2%2Ftags&post=75108"}],"curies":[{"name":"wp","href":"https:\/\/api.w.org\/{rel}","templated":true}]}}