{"id":7519,"date":"2023-03-29T15:16:07","date_gmt":"2023-03-29T15:16:07","guid":{"rendered":"https:\/\/themexicopost.com\/?p=7519"},"modified":"2023-03-29T15:16:08","modified_gmt":"2023-03-29T15:16:08","slug":"denuncia-onu-desapariciones-forzosas-en-corea-del-norte","status":"publish","type":"post","link":"https:\/\/themexicopost.com\/?p=7519","title":{"rendered":"Denuncia ONU desapariciones forzosas en Corea del Norte"},"content":{"rendered":"\n<figure class=\"wp-block-pullquote\"><blockquote><p>El reporte se basa en 80 entrevistas con personas que han sido secuestradas o retenidas contra su voluntad, o de familiares de aquellos que han desaparecido en el pa\u00eds m\u00e1s herm\u00e9tico del mundo<\/p><\/blockquote><\/figure>\n\n\n\n<p class=\"has-drop-cap wp-block-paragraph\">La Oficina de Derechos Humanos de la ONU present\u00f3 hoy un nuevo informe que compila casos de desapariciones forzosas y secuestros a cargo del r\u00e9gimen de Corea del Norte que exige m\u00e1s esfuerzos para traer justicia y reparaci\u00f3n a las v\u00edctimas y a sus familias.<br><\/p>\n\n\n\n<p class=\"wp-block-paragraph\">\u201cLas desapariciones forzosas son uno de los cr\u00edmenes m\u00e1s atroces porque no solo afecta a la v\u00edctima en s\u00ed, sino tambi\u00e9n a sus familiares durante generaciones, tal y como muestra el informe\u201d, explic\u00f3 hoy el director de la Oficina de Derechos Humanos de la ONU de Se\u00fal, James Heenan, durante la presentaci\u00f3n del documento en la capital surcoreana.<br><\/p>\n\n\n\n<p class=\"wp-block-paragraph\">El reporte, titulado \u201cThese wounds do not heal\u201d (\u201cEstas heridas no se curan\u201d), se basa en 80 entrevistas con personas que han sido secuestradas o retenidas contra su voluntad contra el r\u00e9gimen o de familiares de aquellos que han desaparecido en el pa\u00eds m\u00e1s herm\u00e9tico del mundo.<br><\/p>\n\n\n\n<p class=\"wp-block-paragraph\">Los testimonios revelan el da\u00f1o grave y persistente a nivel emocional y psicol\u00f3gico que sufren las familias que quedaron atr\u00e1s, adem\u00e1s del impacto econ\u00f3mico, puesto que en muchos casos las personas desparecidas eran la principal fuente de ingresos para el hogar.<br><\/p>\n\n\n\n<p class=\"wp-block-paragraph\">Los casos que recoge en el informe pueden dividirse en cuatro categor\u00edas, empezando por los de miles de surcoreanos hechos prisioneros durante la Guerra de Corea (1950-53) y nunca devueltos.<br><\/p>\n\n\n\n<p class=\"wp-block-paragraph\">A ellos se suman los de las familias con integrantes de origen coreano y nip\u00f3n (unas 93.000 personas en total) que, al t\u00e9rmino de la II Guerra Mundial, fueron repatriadas de Jap\u00f3n a Corea del Norte en una campa\u00f1a orquestada por Pyonyang para captar mano de obra y talento del exterior.<br><\/p>\n\n\n\n<p class=\"wp-block-paragraph\">Tambi\u00e9n se recogen las personas que estando en Corea del Norte (e incluyendo a aquellas deportadas desde China tras huir del pa\u00eds) fueron enviadas a las infames colonias penales conocidas como \u201cKwanliso\u201d sin que se vuelva a saber de ellas, y los individuos secuestrados tras la Guerra de Corea, incluyendo surcoreanos (m\u00e1s de 500), japoneses (al menos 13) y personas de al menos otra decena de nacionalidades.<br><\/p>\n\n\n\n<p class=\"wp-block-paragraph\">\u201cNos estamos quedando sin tiempo para traer justicia a estas personas\u201d, insisti\u00f3 Eleanor Mu\u00f1oz, integrante de la Oficina de Derechos Humanos de la ONU, al presentar hoy a v\u00edctimas y familiares y recordar que muchos de estos \u00faltimos han fallecido sin saber qu\u00e9 ha sido de sus seres queridos.<br><\/p>\n\n\n\n<p class=\"wp-block-paragraph\">\u201cLo que m\u00e1s quieren las v\u00edctimas: la verdad\u201d, subray\u00f3 Heenan, que apunt\u00f3 que el informe hace recomendaciones muy claras; exige, principalmente a Pyonyang, transparencia, rendici\u00f3n de cuentas y ante todo que no se repitan m\u00e1s casos as\u00ed.<\/p>\n","protected":false},"excerpt":{"rendered":"<p>El reporte se basa en 80 entrevistas con personas que han sido secuestradas o retenidas contra su voluntad, o de familiares de aquellos que han desaparecido en el pa\u00eds m\u00e1s herm\u00e9tico del mundo La Oficina de Derechos Humanos de la ONU present\u00f3 hoy un nuevo informe que compila casos de desapariciones forzosas y secuestros a [&hellip;]<\/p>\n","protected":false},"author":1,"featured_media":7520,"comment_status":"closed","ping_status":"closed","sticky":false,"template":"","format":"standard","meta":{"footnotes":""},"categories":[80],"tags":[],"class_list":["post-7519","post","type-post","status-publish","format-standard","has-post-thumbnail","hentry","category-mundo"],"_links":{"self":[{"href":"https:\/\/themexicopost.com\/index.php?rest_route=\/wp\/v2\/posts\/7519","targetHints":{"allow":["GET"]}}],"collection":[{"href":"https:\/\/themexicopost.com\/index.php?rest_route=\/wp\/v2\/posts"}],"about":[{"href":"https:\/\/themexicopost.com\/index.php?rest_route=\/wp\/v2\/types\/post"}],"author":[{"embeddable":true,"href":"https:\/\/themexicopost.com\/index.php?rest_route=\/wp\/v2\/users\/1"}],"replies":[{"embeddable":true,"href":"https:\/\/themexicopost.com\/index.php?rest_route=%2Fwp%2Fv2%2Fcomments&post=7519"}],"version-history":[{"count":1,"href":"https:\/\/themexicopost.com\/index.php?rest_route=\/wp\/v2\/posts\/7519\/revisions"}],"predecessor-version":[{"id":7521,"href":"https:\/\/themexicopost.com\/index.php?rest_route=\/wp\/v2\/posts\/7519\/revisions\/7521"}],"wp:featuredmedia":[{"embeddable":true,"href":"https:\/\/themexicopost.com\/index.php?rest_route=\/wp\/v2\/media\/7520"}],"wp:attachment":[{"href":"https:\/\/themexicopost.com\/index.php?rest_route=%2Fwp%2Fv2%2Fmedia&parent=7519"}],"wp:term":[{"taxonomy":"category","embeddable":true,"href":"https:\/\/themexicopost.com\/index.php?rest_route=%2Fwp%2Fv2%2Fcategories&post=7519"},{"taxonomy":"post_tag","embeddable":true,"href":"https:\/\/themexicopost.com\/index.php?rest_route=%2Fwp%2Fv2%2Ftags&post=7519"}],"curies":[{"name":"wp","href":"https:\/\/api.w.org\/{rel}","templated":true}]}}