{"id":7555,"date":"2023-03-29T15:26:08","date_gmt":"2023-03-29T15:26:08","guid":{"rendered":"https:\/\/themexicopost.com\/?p=7555"},"modified":"2023-03-29T15:26:09","modified_gmt":"2023-03-29T15:26:09","slug":"renuncia-edmundo-jacobo-al-ine","status":"publish","type":"post","link":"https:\/\/themexicopost.com\/?p=7555","title":{"rendered":"Renuncia Edmundo Jacobo al INE"},"content":{"rendered":"\n<figure class=\"wp-block-pullquote\"><blockquote><p>Indic\u00f3 que no fue presionando ni amenazado para dejar su puesto, sino que las condiciones, dijo, de sobrerrepresentaci\u00f3n pol\u00edtica que adquiri\u00f3 tras su despido y regreso al organismo, no permiten que siga en esa labor.<\/p><\/blockquote><\/figure>\n\n\n\n<p class=\"has-drop-cap wp-block-paragraph\">El secretario ejecutivo del Instituto Nacional Electoral (INE), Edmundo Jacobo Molina, present\u00f3 su renuncia a ese cargo con car\u00e1cter de irrevocable.<br><\/p>\n\n\n\n<p class=\"wp-block-paragraph\">En conferencia de prensa, el funcionario, que fue cesado como consecuencia inmediata del Plan B de la reforma electoral y repuesto en su cargo por ordenamientos judiciales, dijo que se va porque, en las \u00faltimas semanas, adquiri\u00f3 protagonismo pol\u00edtico que hace inviable que pueda seguir en el trabajo t\u00e9cnico y discreto de coordinar a las \u00e1reas ejecutivas del instituto.<br><\/p>\n\n\n\n<p class=\"wp-block-paragraph\">Indic\u00f3 que no fue presionando ni amenazado para dejar su puesto, sino que las condiciones, dijo, de sobrerrepresentaci\u00f3n pol\u00edtica que adquiri\u00f3 tras su despido y regreso al organismo, no permiten que siga en esa labor.<br><\/p>\n\n\n\n<p class=\"wp-block-paragraph\">Se\u00f1al\u00f3 al presidente Andr\u00e9s Manuel L\u00f3pez Obrador por manifestar dichos inexactos sobre su cargo y trayectoria pol\u00edtica, lo que, asegur\u00f3, empa\u00f1a la pol\u00edtica.<br><\/p>\n\n\n\n<p class=\"wp-block-paragraph\">Jacobo Molina asever\u00f3 que present\u00f3 su renuncia d\u00edas antes de que sea nombrada la nueva presidenta del INE, para que no se malinterprete que es a causa de la persona que fue designada.<br><\/p>\n\n\n\n<p class=\"wp-block-paragraph\">Sobre c\u00f3mo queda la operaci\u00f3n del instituto, debido a que la mayor\u00eda de integrantes de la Junta Ejecutiva tambi\u00e9n presentaron su renuncia, se\u00f1al\u00f3 que el INE no es una sola persona y la instituci\u00f3n seguir\u00e1 operando en la organizaci\u00f3n de las elecciones de las gubernaturas del Estado de M\u00e9xico y Coahuila.<br><\/p>\n\n\n\n<p class=\"wp-block-paragraph\">Aunque se\u00f1al\u00f3 que Jes\u00fas George Zamora le ha dado un uso pol\u00edtico a la Contralor\u00eda del INE, dijo que se va tranquilo y no teme que se abran futuras investigaciones en su contra, pues en m\u00e1s de 10 a\u00f1os su labor fue objeto de m\u00faltiples auditor\u00edas.<br><\/p>\n\n\n\n<p class=\"wp-block-paragraph\">Inform\u00f3 que a partir del 4 de abril se nombrar\u00e1 a encargados de despacho y la nueva presidenta tendr\u00e1 la facultad de proponer al Consejo General a quien podr\u00eda ocupar la titularidad de la Secretar\u00eda Ejecutiva.<\/p>\n","protected":false},"excerpt":{"rendered":"<p>Indic\u00f3 que no fue presionando ni amenazado para dejar su puesto, sino que las condiciones, dijo, de sobrerrepresentaci\u00f3n pol\u00edtica que adquiri\u00f3 tras su despido y regreso al organismo, no permiten que siga en esa labor. El secretario ejecutivo del Instituto Nacional Electoral (INE), Edmundo Jacobo Molina, present\u00f3 su renuncia a ese cargo con car\u00e1cter de [&hellip;]<\/p>\n","protected":false},"author":1,"featured_media":7556,"comment_status":"closed","ping_status":"closed","sticky":false,"template":"","format":"standard","meta":{"footnotes":""},"categories":[81],"tags":[],"class_list":["post-7555","post","type-post","status-publish","format-standard","has-post-thumbnail","hentry","category-nacional"],"_links":{"self":[{"href":"https:\/\/themexicopost.com\/index.php?rest_route=\/wp\/v2\/posts\/7555","targetHints":{"allow":["GET"]}}],"collection":[{"href":"https:\/\/themexicopost.com\/index.php?rest_route=\/wp\/v2\/posts"}],"about":[{"href":"https:\/\/themexicopost.com\/index.php?rest_route=\/wp\/v2\/types\/post"}],"author":[{"embeddable":true,"href":"https:\/\/themexicopost.com\/index.php?rest_route=\/wp\/v2\/users\/1"}],"replies":[{"embeddable":true,"href":"https:\/\/themexicopost.com\/index.php?rest_route=%2Fwp%2Fv2%2Fcomments&post=7555"}],"version-history":[{"count":1,"href":"https:\/\/themexicopost.com\/index.php?rest_route=\/wp\/v2\/posts\/7555\/revisions"}],"predecessor-version":[{"id":7557,"href":"https:\/\/themexicopost.com\/index.php?rest_route=\/wp\/v2\/posts\/7555\/revisions\/7557"}],"wp:featuredmedia":[{"embeddable":true,"href":"https:\/\/themexicopost.com\/index.php?rest_route=\/wp\/v2\/media\/7556"}],"wp:attachment":[{"href":"https:\/\/themexicopost.com\/index.php?rest_route=%2Fwp%2Fv2%2Fmedia&parent=7555"}],"wp:term":[{"taxonomy":"category","embeddable":true,"href":"https:\/\/themexicopost.com\/index.php?rest_route=%2Fwp%2Fv2%2Fcategories&post=7555"},{"taxonomy":"post_tag","embeddable":true,"href":"https:\/\/themexicopost.com\/index.php?rest_route=%2Fwp%2Fv2%2Ftags&post=7555"}],"curies":[{"name":"wp","href":"https:\/\/api.w.org\/{rel}","templated":true}]}}