{"id":7561,"date":"2023-03-30T13:30:31","date_gmt":"2023-03-30T13:30:31","guid":{"rendered":"https:\/\/themexicopost.com\/?p=7561"},"modified":"2023-03-30T13:30:32","modified_gmt":"2023-03-30T13:30:32","slug":"dirk-nowitzi-dwyane-wade-entre-otros-ingresaran-al-salon-de-la-fama-de-la-nba","status":"publish","type":"post","link":"https:\/\/themexicopost.com\/?p=7561","title":{"rendered":"Dirk Nowitzi, Dwyane Wade, entre otros, ingresar\u00e1n al Sal\u00f3n de la Fama de la NBA"},"content":{"rendered":"\n<p class=\"has-drop-cap wp-block-paragraph\">El Sal\u00f3n de la Fama de la NBA dar\u00e1 a conocer en los pr\u00f3ximos d\u00edas los elegidos a ingresar al prestigioso sitio basquetbol\u00edstico en 2023. Entre las estrellas destacadas se encuentran Dirk Nowitzki, Pau Gasol, Dwyane Wade y dos jugadores que brillaron junto a Emanuel Gin\u00f3bili en San Antonio Spurs: Tony Parker y Gregg Popovich.<br><\/p>\n\n\n\n<p class=\"wp-block-paragraph\">El Sal\u00f3n de la Fama, organizaci\u00f3n independiente de la competencia m\u00e1s exigente del mundo, comunicar\u00e1 el 1 de abril los protagonistas que estar\u00e1n presentes durante el evento que se realizar\u00e1 el 12 de agosto en Springfield, Massacchussets, en la Naismith Memorial Basketball Hall of Fame.<br><\/p>\n\n\n\n<p class=\"wp-block-paragraph\">La ceremonia, sin dudas, ser\u00e1 especial por la calidad de los jugadores a los que se les rendir\u00e1 tributo. Nombres como Nowitzki (campe\u00f3n con Dallas Mavericks en 2011), Paul Gasol (bicampe\u00f3n con Los Angeles Lakers), Dwyane Wade (tricampe\u00f3n con Miami Heat) le dar\u00e1n brillo a una gala que promete ser hist\u00f3rica. Sin embargo, hay dos casos que sobresalen por la cercan\u00eda emocional de nuestras latitudes.<br><\/p>\n\n\n\n<p class=\"wp-block-paragraph\">Seg\u00fan inform\u00f3 el periodista especializado en NBA Adrian Wojnarowski, Popovich y el franc\u00e9s Parker tambi\u00e9n ser\u00e1n distinguidos por el Hall Of Fame. Es que ambos fueron grandes part\u00edcipes de los 4 anillos conseguidos en los Spurs en 2003, 2005, 2007 y 2014, a\u00f1os en los que Manu fue clave para conseguir el gran objetivo.<br><\/p>\n\n\n\n<p class=\"wp-block-paragraph\">Incluso &#8220;Pop&#8221;, que sigue siendo el Coach del equipo texano desde cuando hizo su debut en 1996, suma un anillo m\u00e1s que el jugador surgido en Bah\u00eda Blanca: en 1999, de la mano de David Robinson y Tim Duncan, consigui\u00f3 su primer t\u00edtulo de la NBA con una gran equipo. El entrenador de 74 a\u00f1os recibir\u00e1 su merecido homenaje luego de ser el Coach con m\u00e1s a\u00f1os consecutivos en un equipo en la historia de la competencia.<br><\/p>\n\n\n\n<p class=\"wp-block-paragraph\">Otro de los casos relevantes que entrar\u00e1n en la prestigiosa organizaci\u00f3n de b\u00e1squet es Rebecca Lynn Hammon, quien en 2014 se incorpor\u00f3 al staff de los Spurs luego del llamado particular del propio Popovich. Desde alli, Becky pas\u00f3 a ser una especialista de conocimientos t\u00e1cticos y direcci\u00f3n t\u00e9cnica, hasta ser gerente general de la franquicia.<br><\/p>\n\n\n\n<p class=\"wp-block-paragraph\">Otros nombres destacados que ser\u00e1n reconocidos en la ceremonia que son Ranko Zeravica, leyenda de los Balcanes que falleci\u00f3 en 2015; Lolo Sainz, estrella como jugador y entrenador del Real Madrid y la Selecci\u00f3n espa\u00f1ola; Dusan Ivkovic, DT balc\u00e1nico que falleci\u00f3 en 2021; y Mirza Delibasic, el mejor jugador bosnio de la historia.<br><\/p>\n\n\n\n<p class=\"wp-block-paragraph\">El Sal\u00f3n de la Fama tiene en cuenta los siguientes requisitos a la hora de elegir a quienes se sumar\u00e1n:<br><\/p>\n\n\n\n<p class=\"wp-block-paragraph\">Haberse retirado como m\u00ednimo cinco a\u00f1os antes de ser elegibles.<br><\/p>\n\n\n\n<p class=\"wp-block-paragraph\">Los \u00e1rbitros y los entrenadores deben de llevar retirados como m\u00ednimo cinco a\u00f1os.<br><\/p>\n\n\n\n<p class=\"wp-block-paragraph\">Si a\u00fan est\u00e1n en activo, haber entrenado o arbitrado al menos veinticinco a\u00f1os en programas de nivel escolar o superior.<\/p>\n","protected":false},"excerpt":{"rendered":"<p>El Sal\u00f3n de la Fama de la NBA dar\u00e1 a conocer en los pr\u00f3ximos d\u00edas los elegidos a ingresar al prestigioso sitio basquetbol\u00edstico en 2023. Entre las estrellas destacadas se encuentran Dirk Nowitzki, Pau Gasol, Dwyane Wade y dos jugadores que brillaron junto a Emanuel Gin\u00f3bili en San Antonio Spurs: Tony Parker y Gregg Popovich. [&hellip;]<\/p>\n","protected":false},"author":1,"featured_media":7562,"comment_status":"closed","ping_status":"closed","sticky":false,"template":"","format":"standard","meta":{"footnotes":""},"categories":[83,85],"tags":[],"class_list":["post-7561","post","type-post","status-publish","format-standard","has-post-thumbnail","hentry","category-destacado","category-portada"],"_links":{"self":[{"href":"https:\/\/themexicopost.com\/index.php?rest_route=\/wp\/v2\/posts\/7561","targetHints":{"allow":["GET"]}}],"collection":[{"href":"https:\/\/themexicopost.com\/index.php?rest_route=\/wp\/v2\/posts"}],"about":[{"href":"https:\/\/themexicopost.com\/index.php?rest_route=\/wp\/v2\/types\/post"}],"author":[{"embeddable":true,"href":"https:\/\/themexicopost.com\/index.php?rest_route=\/wp\/v2\/users\/1"}],"replies":[{"embeddable":true,"href":"https:\/\/themexicopost.com\/index.php?rest_route=%2Fwp%2Fv2%2Fcomments&post=7561"}],"version-history":[{"count":1,"href":"https:\/\/themexicopost.com\/index.php?rest_route=\/wp\/v2\/posts\/7561\/revisions"}],"predecessor-version":[{"id":7563,"href":"https:\/\/themexicopost.com\/index.php?rest_route=\/wp\/v2\/posts\/7561\/revisions\/7563"}],"wp:featuredmedia":[{"embeddable":true,"href":"https:\/\/themexicopost.com\/index.php?rest_route=\/wp\/v2\/media\/7562"}],"wp:attachment":[{"href":"https:\/\/themexicopost.com\/index.php?rest_route=%2Fwp%2Fv2%2Fmedia&parent=7561"}],"wp:term":[{"taxonomy":"category","embeddable":true,"href":"https:\/\/themexicopost.com\/index.php?rest_route=%2Fwp%2Fv2%2Fcategories&post=7561"},{"taxonomy":"post_tag","embeddable":true,"href":"https:\/\/themexicopost.com\/index.php?rest_route=%2Fwp%2Fv2%2Ftags&post=7561"}],"curies":[{"name":"wp","href":"https:\/\/api.w.org\/{rel}","templated":true}]}}