{"id":7567,"date":"2023-03-30T13:32:03","date_gmt":"2023-03-30T13:32:03","guid":{"rendered":"https:\/\/themexicopost.com\/?p=7567"},"modified":"2023-03-30T13:32:04","modified_gmt":"2023-03-30T13:32:04","slug":"demandan-ancianas-suizas-al-gobierno-por-inadecuada-politica-climatica","status":"publish","type":"post","link":"https:\/\/themexicopost.com\/?p=7567","title":{"rendered":"Demandan ancianas suizas al Gobierno por inadecuada pol\u00edtica clim\u00e1tica"},"content":{"rendered":"\n<figure class=\"wp-block-pullquote\"><blockquote><p>Uno de los abogados demandantes argument\u00f3 que Suiza &#8220;no tiene excusa para no proteger los derechos de las solicitantes&#8221;.<\/p><\/blockquote><\/figure>\n\n\n\n<p class=\"has-drop-cap wp-block-paragraph\">Un grupo de m\u00e1s de 2.000 mujeres suizas, todas de edad mayor, se han asociado con Greenpeace para demandar al Gobierno de su pa\u00eds ante el Tribunal Europeo de Derechos Humanos (TEDH) por sus insuficientes medidas contra el cambio clim\u00e1tico, al manifestarse &#8220;preocupadas por las consecuencias del calentamiento global en sus condiciones de vida y su salud&#8221;.<br><\/p>\n\n\n\n<p class=\"wp-block-paragraph\">Las llamadas KlimaSeniorinnen (Mujeres Mayores por la Protecci\u00f3n del Clima) argumentan que la incapacidad del Gobierno para enfrentar el cambio clim\u00e1tico ha da\u00f1ado su calidad de vida. Asimismo, que las pol\u00edticas clim\u00e1ticas del pa\u00eds est\u00e1n poniendo en riesgo su salud y violan la Convenci\u00f3n Europea de Derechos Humanos, espec\u00edficamente el derecho a la vida y al respeto a la vida privada y familiar.<br><\/p>\n\n\n\n<p class=\"wp-block-paragraph\">En ese sentido, exponen que la pol\u00edtica clim\u00e1tica de Berna es &#8220;lamentablemente inadecuada&#8221; para reducir las emisiones en concordancia con el Acuerdo de Par\u00eds, que busca limitar el aumento de la temperatura global a 1,5 \u00b0C. Adem\u00e1s, aseguran que si la respuesta de todos los pa\u00edses fuera la misma que la de Suiza, para el 2100 el calentamiento global se incrementar\u00eda en 3 \u00b0C.<br><\/p>\n\n\n\n<p class=\"wp-block-paragraph\">Despu\u00e9s de una batalla de seis a\u00f1os y de haber sido derrotadas en el Tribunal Federal, la principal v\u00eda legal del pa\u00eds alpino, las &#8216;ancianas clim\u00e1ticas&#8217;, con su equipo reforzado con dos abogados del Consejo del Rey del Reino Unido, elevaron el caso al TEDH en Estrasburgo (Francia), donde se remiti\u00f3 a los jueces de la Gran Sala, un tribunal reservado para los casos m\u00e1s importantes.<br><\/p>\n\n\n\n<p class=\"wp-block-paragraph\">Las demandantes, cuya edad promedio es de 73 a\u00f1os, argumentan que los adultos mayores sufren peor que otros durante los per\u00edodos de calor extremo y tienen m\u00e1s probabilidades de morir. Las mujeres mayores, aseguran, son a\u00fan m\u00e1s vulnerables a la crisis clim\u00e1tica, que pone su salud en riesgo.<br><\/p>\n\n\n\n<p class=\"wp-block-paragraph\">Durante la audiencia, el abogado Marc Willers argument\u00f3 que Suiza &#8220;no tiene excusa para no proteger los derechos de las solicitantes&#8221;.<br><\/p>\n\n\n\n<p class=\"wp-block-paragraph\">&#8220;Si un pa\u00eds tan rico y tecnol\u00f3gicamente avanzado como Suiza no puede hacer lo que le corresponde \u2014y voy m\u00e1s all\u00e1: ni siquiera se toma la molestia de evaluar cu\u00e1l deber\u00eda ser su parte justa\u2014, \u00bfqu\u00e9 esperanza hay de que otros pa\u00edses est\u00e9n a la altura del desaf\u00edo que encaramos?&#8221;, dijo al Tribunal.<br><\/p>\n\n\n\n<p class=\"wp-block-paragraph\">Por su parte, el Gobierno rechaz\u00f3 el caso a nivel local y federal, argumentando que no hay pruebas de que las emisiones se puedan vincular espec\u00edficamente a la salud de las mujeres mayores. Adem\u00e1s, sostuvo que esas pol\u00edticas las hacen los pol\u00edticos, no los tribunales.<br><\/p>\n\n\n\n<p class=\"wp-block-paragraph\">La decisi\u00f3n del Tribunal Europeo de Derechos Humanos se considera definitiva e influir\u00e1 fuertemente en cualquier futuro caso clim\u00e1tico que se presente en Estrasburgo. Se espera un veredicto para finales de este a\u00f1o.<\/p>\n","protected":false},"excerpt":{"rendered":"<p>Uno de los abogados demandantes argument\u00f3 que Suiza &#8220;no tiene excusa para no proteger los derechos de las solicitantes&#8221;. Un grupo de m\u00e1s de 2.000 mujeres suizas, todas de edad mayor, se han asociado con Greenpeace para demandar al Gobierno de su pa\u00eds ante el Tribunal Europeo de Derechos Humanos (TEDH) por sus insuficientes medidas [&hellip;]<\/p>\n","protected":false},"author":1,"featured_media":7568,"comment_status":"closed","ping_status":"closed","sticky":false,"template":"","format":"standard","meta":{"footnotes":""},"categories":[83,85],"tags":[],"class_list":["post-7567","post","type-post","status-publish","format-standard","has-post-thumbnail","hentry","category-destacado","category-portada"],"_links":{"self":[{"href":"https:\/\/themexicopost.com\/index.php?rest_route=\/wp\/v2\/posts\/7567","targetHints":{"allow":["GET"]}}],"collection":[{"href":"https:\/\/themexicopost.com\/index.php?rest_route=\/wp\/v2\/posts"}],"about":[{"href":"https:\/\/themexicopost.com\/index.php?rest_route=\/wp\/v2\/types\/post"}],"author":[{"embeddable":true,"href":"https:\/\/themexicopost.com\/index.php?rest_route=\/wp\/v2\/users\/1"}],"replies":[{"embeddable":true,"href":"https:\/\/themexicopost.com\/index.php?rest_route=%2Fwp%2Fv2%2Fcomments&post=7567"}],"version-history":[{"count":1,"href":"https:\/\/themexicopost.com\/index.php?rest_route=\/wp\/v2\/posts\/7567\/revisions"}],"predecessor-version":[{"id":7569,"href":"https:\/\/themexicopost.com\/index.php?rest_route=\/wp\/v2\/posts\/7567\/revisions\/7569"}],"wp:featuredmedia":[{"embeddable":true,"href":"https:\/\/themexicopost.com\/index.php?rest_route=\/wp\/v2\/media\/7568"}],"wp:attachment":[{"href":"https:\/\/themexicopost.com\/index.php?rest_route=%2Fwp%2Fv2%2Fmedia&parent=7567"}],"wp:term":[{"taxonomy":"category","embeddable":true,"href":"https:\/\/themexicopost.com\/index.php?rest_route=%2Fwp%2Fv2%2Fcategories&post=7567"},{"taxonomy":"post_tag","embeddable":true,"href":"https:\/\/themexicopost.com\/index.php?rest_route=%2Fwp%2Fv2%2Ftags&post=7567"}],"curies":[{"name":"wp","href":"https:\/\/api.w.org\/{rel}","templated":true}]}}