{"id":7581,"date":"2023-03-30T14:30:20","date_gmt":"2023-03-30T14:30:20","guid":{"rendered":"https:\/\/themexicopost.com\/?p=7581"},"modified":"2023-03-30T14:30:21","modified_gmt":"2023-03-30T14:30:21","slug":"joe-biden-cree-que-las-autocracias-se-debilitan","status":"publish","type":"post","link":"https:\/\/themexicopost.com\/?p=7581","title":{"rendered":"Joe Biden cree que las autocracias se debilitan"},"content":{"rendered":"\n<figure class=\"wp-block-pullquote\"><blockquote><p>Pese a que recientes informes de Freedom House y del Instituto V-Dem concluyen que los avances globales en democracia de los \u00faltimos 35 a\u00f1os hab\u00edan sido erradicados, el presidente de Estados Unidos piensa lo contrario.<\/p><\/blockquote><\/figure>\n\n\n\n<p class=\"has-drop-cap wp-block-paragraph\">El presidente estadounidense, Joe Biden, observa &#8220;un punto de inflexi\u00f3n&#8221; en favor de la democracia en el mundo que impulsar\u00e1 con casi 700 millones de d\u00f3lares, durante una cumbre este mi\u00e9rcoles en la que destac\u00f3 progresos pese a la influencia de China.<br><\/p>\n\n\n\n<p class=\"wp-block-paragraph\">Despu\u00e9s de las cr\u00edticas de que la primera Cumbre por la Democracia estuvo demasiado centrada en Estados Unidos, Biden nombr\u00f3 como coanfitriones para esta segunda edici\u00f3n a dirigentes de pa\u00edses de los cinco continentes: Costa Rica, Pa\u00edses Bajos, Corea del Sur y Zambia.<br><\/p>\n\n\n\n<p class=\"wp-block-paragraph\">Biden elogi\u00f3 un &#8220;punto de inflexi\u00f3n para nuestro mundo hacia una mayor libertad, una mayor dignidad y una mayor democracia&#8221;.<br><\/p>\n\n\n\n<p class=\"wp-block-paragraph\">Su optimismo contrasta con el \u00faltimo informe anual del Instituto V-Dem, con sede en Suecia, que concluy\u00f3 que los avances globales en democracia de los \u00faltimos 35 a\u00f1os hab\u00edan sido erradicados.<br><\/p>\n\n\n\n<p class=\"wp-block-paragraph\">Freedom House, un grupo de investigaci\u00f3n respaldado por Estados Unidos, tambi\u00e9n estima que la democracia se deterior\u00f3 el a\u00f1o pasado, pese a una serie de puntos positivos.<br><\/p>\n\n\n\n<p class=\"wp-block-paragraph\">En la cumbre, el secretario general de la ONU, Antonio Guterres, advirti\u00f3 que el mundo atraviesa una &#8220;conmoci\u00f3n dram\u00e1tica&#8221; en la que los valores democr\u00e1ticos est\u00e1n &#8220;bajo ataque&#8221;, y puso como ejemplo las restricciones a los medios y los defensores de los derechos humanos.<br><\/p>\n\n\n\n<p class=\"wp-block-paragraph\">Pero Biden ve progresos, como los planes anticorrupci\u00f3n en la Rep\u00fablica Dominicana y Croacia, los esfuerzos de Angola por construir un poder judicial independiente y, en Estados Unidos, el rechazo de los votantes en las elecciones legislativas de noviembre a los candidatos que niegan los resultados de las presidenciales de 2020, en las que el dem\u00f3crata se impuso al republicano Donald Trump.<br><\/p>\n\n\n\n<p class=\"wp-block-paragraph\">Pero Biden ve progresos, como los planes anticorrupci\u00f3n en la Rep\u00fablica Dominicana y Croacia, los esfuerzos de Angola por construir un poder judicial independiente y, en Estados Unidos, el rechazo de los votantes en las elecciones legislativas de noviembre a los candidatos que niegan los resultados de las presidenciales de 2020, en las que el dem\u00f3crata se impuso al republicano Donald Trump.<br><\/p>\n\n\n\n<p class=\"wp-block-paragraph\">Para &#8220;mantener el impulso&#8221;, Biden anunci\u00f3 690 millones de d\u00f3lares para promover la democracia en el extranjero.<br><\/p>\n\n\n\n<p class=\"wp-block-paragraph\">El dinero se destinar\u00e1 a financiar elecciones libres, promover medios de comunicaci\u00f3n independientes y fortalecer la acci\u00f3n contra la corrupci\u00f3n. En la primera prometi\u00f3 424 millones.<br><\/p>\n\n\n\n<p class=\"wp-block-paragraph\">Para esta cumbre, virtual en su mayor parte, el presidente estadounidense invit\u00f3 a 121 l\u00edderes, incluidos los primeros ministros de Israel e India pese a las acusaciones de creciente autoritarismo que pesan sobre ellos.<\/p>\n","protected":false},"excerpt":{"rendered":"<p>Pese a que recientes informes de Freedom House y del Instituto V-Dem concluyen que los avances globales en democracia de los \u00faltimos 35 a\u00f1os hab\u00edan sido erradicados, el presidente de Estados Unidos piensa lo contrario. El presidente estadounidense, Joe Biden, observa &#8220;un punto de inflexi\u00f3n&#8221; en favor de la democracia en el mundo que impulsar\u00e1 [&hellip;]<\/p>\n","protected":false},"author":1,"featured_media":7582,"comment_status":"closed","ping_status":"closed","sticky":false,"template":"","format":"standard","meta":{"footnotes":""},"categories":[83,80],"tags":[],"class_list":["post-7581","post","type-post","status-publish","format-standard","has-post-thumbnail","hentry","category-destacado","category-mundo"],"_links":{"self":[{"href":"https:\/\/themexicopost.com\/index.php?rest_route=\/wp\/v2\/posts\/7581","targetHints":{"allow":["GET"]}}],"collection":[{"href":"https:\/\/themexicopost.com\/index.php?rest_route=\/wp\/v2\/posts"}],"about":[{"href":"https:\/\/themexicopost.com\/index.php?rest_route=\/wp\/v2\/types\/post"}],"author":[{"embeddable":true,"href":"https:\/\/themexicopost.com\/index.php?rest_route=\/wp\/v2\/users\/1"}],"replies":[{"embeddable":true,"href":"https:\/\/themexicopost.com\/index.php?rest_route=%2Fwp%2Fv2%2Fcomments&post=7581"}],"version-history":[{"count":1,"href":"https:\/\/themexicopost.com\/index.php?rest_route=\/wp\/v2\/posts\/7581\/revisions"}],"predecessor-version":[{"id":7583,"href":"https:\/\/themexicopost.com\/index.php?rest_route=\/wp\/v2\/posts\/7581\/revisions\/7583"}],"wp:featuredmedia":[{"embeddable":true,"href":"https:\/\/themexicopost.com\/index.php?rest_route=\/wp\/v2\/media\/7582"}],"wp:attachment":[{"href":"https:\/\/themexicopost.com\/index.php?rest_route=%2Fwp%2Fv2%2Fmedia&parent=7581"}],"wp:term":[{"taxonomy":"category","embeddable":true,"href":"https:\/\/themexicopost.com\/index.php?rest_route=%2Fwp%2Fv2%2Fcategories&post=7581"},{"taxonomy":"post_tag","embeddable":true,"href":"https:\/\/themexicopost.com\/index.php?rest_route=%2Fwp%2Fv2%2Ftags&post=7581"}],"curies":[{"name":"wp","href":"https:\/\/api.w.org\/{rel}","templated":true}]}}