{"id":75813,"date":"2026-02-05T07:07:51","date_gmt":"2026-02-05T13:07:51","guid":{"rendered":"https:\/\/themexicopost.com\/?p=75813"},"modified":"2026-02-05T07:07:54","modified_gmt":"2026-02-05T13:07:54","slug":"se-reune-sheinbaum-con-representantes-de-la-iniciativa-privada","status":"publish","type":"post","link":"https:\/\/themexicopost.com\/?p=75813","title":{"rendered":"Se re\u00fane Sheinbaum con representantes de la iniciativa privada"},"content":{"rendered":"\n<figure class=\"wp-block-pullquote\"><blockquote><p>-Reconoci\u00f3 a las 32 empresarias que presiden los comit\u00e9s estatales para atraer inversiones de cada estado del pa\u00eds.<\/p><\/blockquote><\/figure>\n\n\n\n<p class=\"has-drop-cap\">Al encabezar la Primera Reuni\u00f3n Nacional de Promoci\u00f3n de Inversiones, que congreg\u00f3 a m\u00e1s de mil representantes de la iniciativa privada, la presidenta Claudia Sheinbaum Pardo expres\u00f3 su optimismo de que a M\u00e9xico le ir\u00e1 mejor en 2026 en materia econ\u00f3mica e invit\u00f3 a las y los empresarios mexicanos a seguir impulsando el desarrollo nacional, ya que juntos construyen una gran y hermosa naci\u00f3n.<br><\/p>\n\n\n\n<p>Se\u00f1al\u00f3 que siempre que hay inversi\u00f3n p\u00fablica, se potencia con la inversi\u00f3n privada, por eso realiz\u00f3 la invitaci\u00f3n a invertir en M\u00e9xico. Afirm\u00f3 que el gobierno de M\u00e9xico busca inversi\u00f3n privada, nacional y extranjera, algo que se nota en la Inversi\u00f3n Extranjera Directa que se tuvo en 2025.<br><\/p>\n\n\n\n<p>&#8220;En el peso como est\u00e1 hoy, no tendr\u00edamos la moneda que tenemos hoy si no hubiera confianza en nuestro pa\u00eds y pues, invitarles a que juntos sigamos construyendo este gran y hermoso pa\u00eds que tenemos\u201d, convoc\u00f3.<br><\/p>\n\n\n\n<p>La Jefa del Ejecutivo Federal agradeci\u00f3 a las 32 empresarias de todo el pa\u00eds que sirven de enlace en cada una de las entidades federativas para promover inversiones como parte del Plan M\u00e9xico, en coordinaci\u00f3n con la Secretar\u00eda de Econom\u00eda federal y de cada estado, lo que refleja que es tiempo de mujeres en este Segundo Piso de la Cuarta Transformaci\u00f3n.<br><\/p>\n\n\n\n<p>Afirm\u00f3 la mandataria que se encuentra muy optimista en este 2026. Porque vivimos en un pa\u00eds glorioso, extraordinario, maravilloso, del cual debemos sentirnos todos muy orgullosos.<br><\/p>\n\n\n\n<p>\u201cNuestros recursos naturales, nuestro pueblo trabajador, con valores, y eso nos da una fortaleza \u00fanica. Este a\u00f1o, como ven, pinta todav\u00eda mejor que el anterior; quiero agradecer a las empresarias que est\u00e1n aqu\u00ed con nosotros, me da mucho gusto. Dije que era tiempo de mujeres y es tiempo de mujeres\u201d, agreg\u00f3.<br><\/p>\n\n\n\n<p>Record\u00f3 que se anunci\u00f3 un esfuerzo muy importante de inversi\u00f3n p\u00fablica y mixta de 5.6 billones de pesos que potenciar\u00e1 la infraestructura en energ\u00eda, carreteras, aeropuertos, puertos, hospitales y escuelas, permitiendo el desarrollo sustentable con bienestar.<br><\/p>\n\n\n\n<p>Y que tan s\u00f3lo en 2026 se destinar\u00e1n 722 mil mdp adicionales, que representan 2 por ciento del PIB, a lo que estaba previsto en el Presupuesto de Egresos de la Federaci\u00f3n (PEF) de este a\u00f1o.<br><\/p>\n\n\n\n<p>El director general de Nacional Financiera (Nafin) y el Banco Nacional de Comercio Exterior (Bancomext), Roberto Lazzeri Monta\u00f1o, anunci\u00f3 que en coordinaci\u00f3n con la banca comercial se detonar\u00e1 el financiamiento para las peque\u00f1as y medianas Empresas (Pymes).<br><\/p>\n\n\n\n<p>En representaci\u00f3n de las empresarias coordinadoras estatales, Astrea Ocampo Guti\u00e9rrez inform\u00f3 que en el sureste de M\u00e9xico se logr\u00f3 atraer 6185 mdd con nuevos proyectos de inversi\u00f3n, que pasaron de 22 a 85 y permitir\u00e1 triplicar empleos en la regi\u00f3n.<br><\/p>\n\n\n\n<p>Mercedes Guti\u00e9rrez Smith, de la regi\u00f3n centro, inform\u00f3 que la inversi\u00f3n creci\u00f3 a 10 mil 695 mdd con 152 proyectos de inversi\u00f3n que crear\u00e1n m\u00e1s de 89 mil empleos.<br><\/p>\n\n\n\n<p>Finalmente, de la regi\u00f3n norte, la empresaria Yvonne Ochoa Rosellini inform\u00f3 que la inversi\u00f3n super\u00f3 los 39 mil 860 mdd, sumando 173 proyectos de inversi\u00f3n y duplic\u00f3 la cantidad de empleos con 135 mil 89 plazas nuevas.<\/p>\n","protected":false},"excerpt":{"rendered":"<p>-Reconoci\u00f3 a las 32 empresarias que presiden los comit\u00e9s estatales para atraer inversiones de cada estado del pa\u00eds. Al encabezar la Primera Reuni\u00f3n Nacional de Promoci\u00f3n de Inversiones, que congreg\u00f3 a m\u00e1s de mil representantes de la iniciativa privada, la presidenta Claudia Sheinbaum Pardo expres\u00f3 su optimismo de que a M\u00e9xico le ir\u00e1 mejor en [&hellip;]<\/p>\n","protected":false},"author":1,"featured_media":75817,"comment_status":"closed","ping_status":"closed","sticky":false,"template":"","format":"standard","meta":{"footnotes":""},"categories":[81],"tags":[],"class_list":["post-75813","post","type-post","status-publish","format-standard","has-post-thumbnail","hentry","category-nacional"],"_links":{"self":[{"href":"https:\/\/themexicopost.com\/index.php?rest_route=\/wp\/v2\/posts\/75813","targetHints":{"allow":["GET"]}}],"collection":[{"href":"https:\/\/themexicopost.com\/index.php?rest_route=\/wp\/v2\/posts"}],"about":[{"href":"https:\/\/themexicopost.com\/index.php?rest_route=\/wp\/v2\/types\/post"}],"author":[{"embeddable":true,"href":"https:\/\/themexicopost.com\/index.php?rest_route=\/wp\/v2\/users\/1"}],"replies":[{"embeddable":true,"href":"https:\/\/themexicopost.com\/index.php?rest_route=%2Fwp%2Fv2%2Fcomments&post=75813"}],"version-history":[{"count":1,"href":"https:\/\/themexicopost.com\/index.php?rest_route=\/wp\/v2\/posts\/75813\/revisions"}],"predecessor-version":[{"id":75818,"href":"https:\/\/themexicopost.com\/index.php?rest_route=\/wp\/v2\/posts\/75813\/revisions\/75818"}],"wp:featuredmedia":[{"embeddable":true,"href":"https:\/\/themexicopost.com\/index.php?rest_route=\/wp\/v2\/media\/75817"}],"wp:attachment":[{"href":"https:\/\/themexicopost.com\/index.php?rest_route=%2Fwp%2Fv2%2Fmedia&parent=75813"}],"wp:term":[{"taxonomy":"category","embeddable":true,"href":"https:\/\/themexicopost.com\/index.php?rest_route=%2Fwp%2Fv2%2Fcategories&post=75813"},{"taxonomy":"post_tag","embeddable":true,"href":"https:\/\/themexicopost.com\/index.php?rest_route=%2Fwp%2Fv2%2Ftags&post=75813"}],"curies":[{"name":"wp","href":"https:\/\/api.w.org\/{rel}","templated":true}]}}