{"id":7584,"date":"2023-03-30T14:48:10","date_gmt":"2023-03-30T14:48:10","guid":{"rendered":"https:\/\/themexicopost.com\/?p=7584"},"modified":"2023-03-30T14:48:50","modified_gmt":"2023-03-30T14:48:50","slug":"nasa-detecto-un-punto-debil-en-el-campo-magnetico-dela-tierra","status":"publish","type":"post","link":"https:\/\/themexicopost.com\/?p=7584","title":{"rendered":"NASA detect\u00f3 un punto d\u00e9bil en el campo magn\u00e9tico de la Tierra"},"content":{"rendered":"\n<figure class=\"wp-block-pullquote\"><blockquote><p>Gracias a la NASA, se descubri\u00f3 un punto d\u00e9bil en el campo magn\u00e9tico de nuestro planeta.<\/p><\/blockquote><\/figure>\n\n\n\n<p class=\"has-drop-cap wp-block-paragraph\">La NASA detect\u00f3 un punto d\u00e9bil en el campo magn\u00e9tico de la Tierra. Te decimos cu\u00e1l puede ser el riesgo para nuestro planeta.<br><\/p>\n\n\n\n<p class=\"wp-block-paragraph\">De acuerdo con los reportes fue exactamente encima de Sudam\u00e9rica, que la NASA hall\u00f3 esta irregularidad en el campo magn\u00e9tico terrestre.<br><\/p>\n\n\n\n<p class=\"wp-block-paragraph\">La NASA ha estado monitoreando esta situaci\u00f3n at\u00edpica en nuestro planeta, cuyo primer registro fue en 2020, ante la preocupaci\u00f3n de la comunidad cient\u00edfica.<br><\/p>\n\n\n\n<p class=\"wp-block-paragraph\">Esto porque no se ha detectado su origen, aunque un estudio del 2020 sugiere que se pudo formar hace m\u00e1s de 11 millones de a\u00f1os.<br><\/p>\n\n\n\n<p class=\"wp-block-paragraph\">Conocida como la Anomal\u00eda del Atl\u00e1ntico Sur este punto en la Tierra con el paso de los a\u00f1os se ha ido debilitando, asegura la NASA.<br><\/p>\n\n\n\n<p class=\"wp-block-paragraph\">Como mencionamos, no es la primera vez que se presenta una fen\u00f3meno as\u00ed, sino que la agencia espacial y los investigadores lo conocen como de \u2018vasto desarrollo\u2019.<br><\/p>\n\n\n\n<p class=\"wp-block-paragraph\">Para la NASA no existe mejor manera de describir esta situaci\u00f3n en el campo magn\u00e9tico que como una \u201cabolladura\u201d y lo catalogan como anomal\u00eda por no presentarse en otra zona del planeta.<br><\/p>\n\n\n\n<figure class=\"wp-block-image size-large\"><img fetchpriority=\"high\" decoding=\"async\" width=\"1024\" height=\"683\" src=\"https:\/\/themexicopost.com\/wp-content\/uploads\/2023\/03\/nasa-2-1024x683.jpg\" alt=\"\" class=\"wp-image-7586\" srcset=\"https:\/\/themexicopost.com\/wp-content\/uploads\/2023\/03\/nasa-2-1024x683.jpg 1024w, https:\/\/themexicopost.com\/wp-content\/uploads\/2023\/03\/nasa-2-300x200.jpg 300w, https:\/\/themexicopost.com\/wp-content\/uploads\/2023\/03\/nasa-2-768x512.jpg 768w, https:\/\/themexicopost.com\/wp-content\/uploads\/2023\/03\/nasa-2-330x220.jpg 330w, https:\/\/themexicopost.com\/wp-content\/uploads\/2023\/03\/nasa-2-420x280.jpg 420w, https:\/\/themexicopost.com\/wp-content\/uploads\/2023\/03\/nasa-2-615x410.jpg 615w, https:\/\/themexicopost.com\/wp-content\/uploads\/2023\/03\/nasa-2-860x573.jpg 860w, https:\/\/themexicopost.com\/wp-content\/uploads\/2023\/03\/nasa-2.jpg 1200w\" sizes=\"(max-width: 1024px) 100vw, 1024px\" \/><\/figure>\n\n\n\n<p class=\"wp-block-paragraph\">Por su parte Science Alert se\u00f1ala que se trata de una \u201cespecie de bache en el espacio\u201d.<br><\/p>\n\n\n\n<p class=\"wp-block-paragraph\">El campo magn\u00e9tico de la Tierra nos protege contra las part\u00edculas cargadas del Sol y permite que la vida exista como la conocemos.<br><\/p>\n\n\n\n<p class=\"wp-block-paragraph\">Los cient\u00edficos explican que si este escudo natural no existiera, la radiaci\u00f3n solar acabar\u00eda con la biosfera r\u00e1pidamente.<br><\/p>\n\n\n\n<p class=\"wp-block-paragraph\">La NASA ha dejado en claro que la regi\u00f3n m\u00e1s d\u00e9bil que detect\u00f3 no afecta a la vida en la Tierra, afortunadamente.<br><\/p>\n\n\n\n<p class=\"wp-block-paragraph\">Pese a esto, el peligor est\u00e1 en el espacio orbital; sat\u00e9lites y naves espaciales que la NASA ha lanzado al espacio est\u00e1n m\u00e1s expuestos a la radiaci\u00f3n solar.<br><\/p>\n\n\n\n<p class=\"wp-block-paragraph\">De hecho, los sat\u00e9lites quedan m\u00e1s desprotegidos de las tormentas geomagn\u00e9ticas.<br><\/p>\n\n\n\n<p class=\"wp-block-paragraph\">Incluso la Estaci\u00f3n Espacial Internacional se ha visto afectada por esto, cuando orbita por esta abolladura que tiene la Tierra.<br><\/p>\n\n\n\n<p class=\"wp-block-paragraph\">La NASA ha expresado que los sat\u00e9lites y naves que lanza en alguna misi\u00f3n sufren al ser golpeados por los protones de alta energ\u00eda del Sol, caus\u00e1ndoles:<br><\/p>\n\n\n\n<p class=\"wp-block-paragraph\">Tener cortocircuitos<br>Mal funcionamiento<br>Quedan inservibles<\/p>\n","protected":false},"excerpt":{"rendered":"<p>Gracias a la NASA, se descubri\u00f3 un punto d\u00e9bil en el campo magn\u00e9tico de nuestro planeta. La NASA detect\u00f3 un punto d\u00e9bil en el campo magn\u00e9tico de la Tierra. Te decimos cu\u00e1l puede ser el riesgo para nuestro planeta. De acuerdo con los reportes fue exactamente encima de Sudam\u00e9rica, que la NASA hall\u00f3 esta irregularidad [&hellip;]<\/p>\n","protected":false},"author":1,"featured_media":7585,"comment_status":"closed","ping_status":"closed","sticky":false,"template":"","format":"standard","meta":{"footnotes":""},"categories":[83,80],"tags":[],"class_list":["post-7584","post","type-post","status-publish","format-standard","has-post-thumbnail","hentry","category-destacado","category-mundo"],"_links":{"self":[{"href":"https:\/\/themexicopost.com\/index.php?rest_route=\/wp\/v2\/posts\/7584","targetHints":{"allow":["GET"]}}],"collection":[{"href":"https:\/\/themexicopost.com\/index.php?rest_route=\/wp\/v2\/posts"}],"about":[{"href":"https:\/\/themexicopost.com\/index.php?rest_route=\/wp\/v2\/types\/post"}],"author":[{"embeddable":true,"href":"https:\/\/themexicopost.com\/index.php?rest_route=\/wp\/v2\/users\/1"}],"replies":[{"embeddable":true,"href":"https:\/\/themexicopost.com\/index.php?rest_route=%2Fwp%2Fv2%2Fcomments&post=7584"}],"version-history":[{"count":2,"href":"https:\/\/themexicopost.com\/index.php?rest_route=\/wp\/v2\/posts\/7584\/revisions"}],"predecessor-version":[{"id":7588,"href":"https:\/\/themexicopost.com\/index.php?rest_route=\/wp\/v2\/posts\/7584\/revisions\/7588"}],"wp:featuredmedia":[{"embeddable":true,"href":"https:\/\/themexicopost.com\/index.php?rest_route=\/wp\/v2\/media\/7585"}],"wp:attachment":[{"href":"https:\/\/themexicopost.com\/index.php?rest_route=%2Fwp%2Fv2%2Fmedia&parent=7584"}],"wp:term":[{"taxonomy":"category","embeddable":true,"href":"https:\/\/themexicopost.com\/index.php?rest_route=%2Fwp%2Fv2%2Fcategories&post=7584"},{"taxonomy":"post_tag","embeddable":true,"href":"https:\/\/themexicopost.com\/index.php?rest_route=%2Fwp%2Fv2%2Ftags&post=7584"}],"curies":[{"name":"wp","href":"https:\/\/api.w.org\/{rel}","templated":true}]}}