{"id":7589,"date":"2023-03-30T14:56:13","date_gmt":"2023-03-30T14:56:13","guid":{"rendered":"https:\/\/themexicopost.com\/?p=7589"},"modified":"2023-03-30T14:56:15","modified_gmt":"2023-03-30T14:56:15","slug":"comienza-primer-viaje-de-carlos-iii-a-alemania-como-rey","status":"publish","type":"post","link":"https:\/\/themexicopost.com\/?p=7589","title":{"rendered":"Comienza Primer viaje de Carlos III a Alemania como rey"},"content":{"rendered":"\n<figure class=\"wp-block-pullquote\"><blockquote><p>El monarca brit\u00e1nico lleg\u00f3 a Berl\u00edn, donde se reuni\u00f3 con el presidente germano, Frank-Walter Steinmeier.<\/p><\/blockquote><\/figure>\n\n\n\n<p class=\"has-drop-cap wp-block-paragraph\">El rey Carlos III de Inglaterra lleg\u00f3 a Berl\u00edn este mi\u00e9rcoles para su primera visita al extranjero como soberano, que fue celebrada por Alemania como el inicio de un \u201cnuevo cap\u00edtulo\u201d entre ambos pa\u00edses.<br><\/p>\n\n\n\n<p class=\"wp-block-paragraph\">Alemania acogi\u00f3 a Carlos III con honores militares in\u00e9ditos para un jefe de Estado al pie de la emblem\u00e1tica Puerta de Brandemburgo, s\u00edmbolo de la divisi\u00f3n de la ciudad durante tres d\u00e9cadas<br><\/p>\n\n\n\n<p class=\"wp-block-paragraph\">\u201cHoy, seis a\u00f1os despu\u00e9s de que el Reino Unido comenzara a abandonar la Uni\u00f3n Europea, abrimos un nuevo cap\u00edtulo en nuestra relaci\u00f3n\u201d, dijo el presidente alem\u00e1n Frank-Walter Steinmeier en un discurso de bienvenida en el palacio berlin\u00e9s de Bellevue.<br><\/p>\n\n\n\n<p class=\"wp-block-paragraph\">Steinmeier record\u00f3 asimismo al reconocido compromiso de Carlos III con la defensa medioambiental y reclam\u00f3, en direcci\u00f3n al estamento pol\u00edtico, \u201cm\u00e1s ritmo y determinaci\u00f3n contra el cambio clim\u00e1tico\u201d, un \u201cdesaf\u00edo global\u201d, dijo, que precisa \u201cenormes esfuerzos\u201d de toda la sociedad.<br><\/p>\n\n\n\n<p class=\"wp-block-paragraph\">Carlos, acompa\u00f1ado por su esposa Camila, aterriz\u00f3 en el aeropuerto Internacional de Berl\u00edn-Brandeburgo.<br><\/p>\n\n\n\n<p class=\"wp-block-paragraph\">All\u00ed la pareja salud\u00f3 a cientos de fan\u00e1ticos y curiosos, que tuvieron la oportunidad de estrechar sus manos e intercambiar algunas palabras con ellos.<br><\/p>\n\n\n\n<figure class=\"wp-block-image size-large\"><img fetchpriority=\"high\" decoding=\"async\" width=\"1024\" height=\"683\" src=\"https:\/\/themexicopost.com\/wp-content\/uploads\/2023\/03\/comienza-2-1-1024x683.jpg\" alt=\"\" class=\"wp-image-7591\" srcset=\"https:\/\/themexicopost.com\/wp-content\/uploads\/2023\/03\/comienza-2-1-1024x683.jpg 1024w, https:\/\/themexicopost.com\/wp-content\/uploads\/2023\/03\/comienza-2-1-300x200.jpg 300w, https:\/\/themexicopost.com\/wp-content\/uploads\/2023\/03\/comienza-2-1-768x512.jpg 768w, https:\/\/themexicopost.com\/wp-content\/uploads\/2023\/03\/comienza-2-1-330x220.jpg 330w, https:\/\/themexicopost.com\/wp-content\/uploads\/2023\/03\/comienza-2-1-420x280.jpg 420w, https:\/\/themexicopost.com\/wp-content\/uploads\/2023\/03\/comienza-2-1-615x410.jpg 615w, https:\/\/themexicopost.com\/wp-content\/uploads\/2023\/03\/comienza-2-1-860x573.jpg 860w, https:\/\/themexicopost.com\/wp-content\/uploads\/2023\/03\/comienza-2-1.jpg 1200w\" sizes=\"(max-width: 1024px) 100vw, 1024px\" \/><\/figure>\n\n\n\n<p class=\"wp-block-paragraph\">\u201cLa pareja real pidi\u00f3 hablar directamente con los berlineses\u201d, dijo el director de la polic\u00eda, Thomas Drechsler, a los medios alemanes.<br><\/p>\n\n\n\n<p class=\"wp-block-paragraph\">En un principio estaba previsto que la pareja real visitara primero Francia, antes de Alemania, pero ese viaje tuvo que cancelarse debido a las manifestaciones contra una impopular reforma de las pensiones que sacuden al pa\u00eds.<br><\/p>\n\n\n\n<p class=\"wp-block-paragraph\">La recepci\u00f3n en Bellevue, sede del presidente de la Rep\u00fablica Federal de Alemania (RFA), sigui\u00f3 al primer acto p\u00fablico de Carlos III y su esposa Camila, que tras ser recibidos con 21 salvas a su llegada al aeropuerto de Berl\u00edn se desplazaron hasta la emblem\u00e1tica Puerta de Brandeburgo.<br><\/p>\n\n\n\n<p class=\"wp-block-paragraph\">Posteriormente el rey se dirigir\u00e1 al palacio presidencial, en donde ser\u00e1 recibido con un banquete.<br><\/p>\n\n\n\n<p class=\"wp-block-paragraph\">M\u00e1s de mil agentes de polic\u00eda fueron desplegados para garantizar la seguridad, as\u00ed como 20 perros detectores de explosivos. Varias zonas del centro de Berl\u00edn se cerraron a al tr\u00e1fico.<br><\/p>\n\n\n\n<p class=\"wp-block-paragraph\">El jueves Carlos se reunir\u00e1 con el canciller Olaf Scholz, visitar\u00e1 un mercado con la alcaldesa de la ciudad, pronunciar\u00e1 un discurso ante los diputados y se reunir\u00e1 con refugiados ucranianos.<br><\/p>\n\n\n\n<p class=\"wp-block-paragraph\">El viaje a Alemania de la pareja real concluir\u00e1 el viernes con un viaje a Hamburgo, la segunda ciudad del pa\u00eds.<\/p>\n","protected":false},"excerpt":{"rendered":"<p>El monarca brit\u00e1nico lleg\u00f3 a Berl\u00edn, donde se reuni\u00f3 con el presidente germano, Frank-Walter Steinmeier. El rey Carlos III de Inglaterra lleg\u00f3 a Berl\u00edn este mi\u00e9rcoles para su primera visita al extranjero como soberano, que fue celebrada por Alemania como el inicio de un \u201cnuevo cap\u00edtulo\u201d entre ambos pa\u00edses. Alemania acogi\u00f3 a Carlos III con [&hellip;]<\/p>\n","protected":false},"author":1,"featured_media":7590,"comment_status":"closed","ping_status":"closed","sticky":false,"template":"","format":"standard","meta":{"footnotes":""},"categories":[83,80],"tags":[],"class_list":["post-7589","post","type-post","status-publish","format-standard","has-post-thumbnail","hentry","category-destacado","category-mundo"],"_links":{"self":[{"href":"https:\/\/themexicopost.com\/index.php?rest_route=\/wp\/v2\/posts\/7589","targetHints":{"allow":["GET"]}}],"collection":[{"href":"https:\/\/themexicopost.com\/index.php?rest_route=\/wp\/v2\/posts"}],"about":[{"href":"https:\/\/themexicopost.com\/index.php?rest_route=\/wp\/v2\/types\/post"}],"author":[{"embeddable":true,"href":"https:\/\/themexicopost.com\/index.php?rest_route=\/wp\/v2\/users\/1"}],"replies":[{"embeddable":true,"href":"https:\/\/themexicopost.com\/index.php?rest_route=%2Fwp%2Fv2%2Fcomments&post=7589"}],"version-history":[{"count":1,"href":"https:\/\/themexicopost.com\/index.php?rest_route=\/wp\/v2\/posts\/7589\/revisions"}],"predecessor-version":[{"id":7592,"href":"https:\/\/themexicopost.com\/index.php?rest_route=\/wp\/v2\/posts\/7589\/revisions\/7592"}],"wp:featuredmedia":[{"embeddable":true,"href":"https:\/\/themexicopost.com\/index.php?rest_route=\/wp\/v2\/media\/7590"}],"wp:attachment":[{"href":"https:\/\/themexicopost.com\/index.php?rest_route=%2Fwp%2Fv2%2Fmedia&parent=7589"}],"wp:term":[{"taxonomy":"category","embeddable":true,"href":"https:\/\/themexicopost.com\/index.php?rest_route=%2Fwp%2Fv2%2Fcategories&post=7589"},{"taxonomy":"post_tag","embeddable":true,"href":"https:\/\/themexicopost.com\/index.php?rest_route=%2Fwp%2Fv2%2Ftags&post=7589"}],"curies":[{"name":"wp","href":"https:\/\/api.w.org\/{rel}","templated":true}]}}