{"id":7593,"date":"2023-03-30T15:12:28","date_gmt":"2023-03-30T15:12:28","guid":{"rendered":"https:\/\/themexicopost.com\/?p=7593"},"modified":"2023-03-30T15:12:29","modified_gmt":"2023-03-30T15:12:29","slug":"adopta-onu-resolucion-historica-para-la-justicia-climatica","status":"publish","type":"post","link":"https:\/\/themexicopost.com\/?p=7593","title":{"rendered":"Adopta ONU resoluci\u00f3n hist\u00f3rica para la justicia clim\u00e1tica"},"content":{"rendered":"\n<figure class=\"wp-block-pullquote\"><blockquote><p>\u201cJuntos, est\u00e1n escribiendo la historia\u201d, dijo el secretario general de las Naciones Unidas, Antonio Guterres.<br><\/p><\/blockquote><\/figure>\n\n\n\n<p class=\"has-drop-cap wp-block-paragraph\">La Asamblea General de la ONU adopt\u00f3 el mi\u00e9rcoles por consenso una resoluci\u00f3n \u201chist\u00f3rica\u201d para pedir el parecer de la justicia internacional sobre las \u201cobligaciones\u201d de los estados en materia de lucha contra el calentamiento clim\u00e1tico.<br><\/p>\n\n\n\n<p class=\"wp-block-paragraph\">Paso \u201chist\u00f3rico\u201d, \u201cmomento que pasar\u00e1 a la historia\u201d, \u201ctriunfo de la diplomacia clim\u00e1tica internacional\u201d. Muchas ONG y estados, entre los 130 que patrocinaron la resoluci\u00f3n &#8211;entre los que no est\u00e1n ni Estados Unidos ni China&#8211;, se congratularon de este texto.<br><\/p>\n\n\n\n<p class=\"wp-block-paragraph\">La Corte Internacional de Justicia (CIJ) tendr\u00e1 que dar su parecer sobre \u201clas obligaciones que incumben a los estados\u201d en la protecci\u00f3n del sistema clim\u00e1tico \u201cpara las generaciones presentes y futuras\u201d.<br><\/p>\n\n\n\n<p class=\"wp-block-paragraph\">\u201cJuntos, est\u00e1n escribiendo la historia\u201d, dijo el secretario general de la ONU, Antonio Guterres, a los delegados al estimar que aunque no sea vinculante, el parecer del organismo judicial de la organizaci\u00f3n podr\u00eda ayudar a los dirigentes del planeta a adoptar medidas clim\u00e1ticas \u201cvalientes y fuertes\u201d.<br><\/p>\n\n\n\n<p class=\"wp-block-paragraph\">\u201cHoy hemos sido testigos de una victoria \u00e9pica para la justicia del clima\u201d, coment\u00f3 Ishmael Kalsakau, primer ministro de Vanuatu, archipi\u00e9lago en el Pac\u00edfico que fue golpeado por dos poderosos ciclones en el espacio de unos d\u00edas.<br><\/p>\n\n\n\n<p class=\"wp-block-paragraph\">Se trata tambi\u00e9n de una \u201cvictoria para los pueblos y las comunidades de todo el mundo que est\u00e1n en la primera l\u00ednea de la crisis clim\u00e1tica\u201d, coment\u00f3 Lavetanalagi Seru, coordinador en el Pac\u00edfico de la red de ONG Climate Action Network.<br><\/p>\n\n\n\n<p class=\"wp-block-paragraph\">El gobierno de Vanuatu lanz\u00f3 en 2021 esta iniciativa, despu\u00e9s de que dos a\u00f1os antes un grupo de estudiantes de la universidad de Fiji iniciaran una campa\u00f1a para salvar sus islas, que pueden desaparecer por el aumento del nivel del mar.<br><\/p>\n\n\n\n<p class=\"wp-block-paragraph\">Hace una semana, los expertos del clima de la ONU (Giec) advirtieron que el calentamiento aumentar\u00e1 +1,5\u00ba ya en 2030-2035, en comparaci\u00f3n con la era industrial, el objetivo m\u00e1s ambicioso del Acuerdo de Par\u00eds.<br><\/p>\n\n\n\n<p class=\"wp-block-paragraph\">Como los compromisos nacionales de los estados para reducir las emisiones de gas de efecto invernadero no son vinculantes en el marco del Acuerdo de Par\u00eds, la resoluci\u00f3n insta a recurrir a otros instrumentos, como la Declaraci\u00f3n Universal de los Derechos Humanos.<br><\/p>\n\n\n\n<p class=\"wp-block-paragraph\">Aunque las opiniones de la CIJ no son vinculantes, tienen un peso legal y moral importante, que a menudo son tenidas en cuenta por los tribunales nacionales.<br><\/p>\n\n\n\n<p class=\"wp-block-paragraph\">Vanuatu y sus apoyos esperan que la resoluci\u00f3n impulse a los gobiernos a acelerar sus acciones, por iniciativa propia o a trav\u00e9s de las demandas judiciales contra los estados que se multiplican en todo el mundo.<br><\/p>\n\n\n\n<p class=\"wp-block-paragraph\">Durante las negociaciones del acuerdo de Par\u00eds, Estados Unidos logr\u00f3 una cl\u00e1usula que especificaba que el texto \u201cno se utilizar\u00e1 como base\u201d para comprometer \u201cresponsabilidades o compensaciones\u201d.<\/p>\n","protected":false},"excerpt":{"rendered":"<p>\u201cJuntos, est\u00e1n escribiendo la historia\u201d, dijo el secretario general de las Naciones Unidas, Antonio Guterres. La Asamblea General de la ONU adopt\u00f3 el mi\u00e9rcoles por consenso una resoluci\u00f3n \u201chist\u00f3rica\u201d para pedir el parecer de la justicia internacional sobre las \u201cobligaciones\u201d de los estados en materia de lucha contra el calentamiento clim\u00e1tico. Paso \u201chist\u00f3rico\u201d, \u201cmomento que [&hellip;]<\/p>\n","protected":false},"author":1,"featured_media":7594,"comment_status":"closed","ping_status":"closed","sticky":false,"template":"","format":"standard","meta":{"footnotes":""},"categories":[83,80],"tags":[],"class_list":["post-7593","post","type-post","status-publish","format-standard","has-post-thumbnail","hentry","category-destacado","category-mundo"],"_links":{"self":[{"href":"https:\/\/themexicopost.com\/index.php?rest_route=\/wp\/v2\/posts\/7593","targetHints":{"allow":["GET"]}}],"collection":[{"href":"https:\/\/themexicopost.com\/index.php?rest_route=\/wp\/v2\/posts"}],"about":[{"href":"https:\/\/themexicopost.com\/index.php?rest_route=\/wp\/v2\/types\/post"}],"author":[{"embeddable":true,"href":"https:\/\/themexicopost.com\/index.php?rest_route=\/wp\/v2\/users\/1"}],"replies":[{"embeddable":true,"href":"https:\/\/themexicopost.com\/index.php?rest_route=%2Fwp%2Fv2%2Fcomments&post=7593"}],"version-history":[{"count":1,"href":"https:\/\/themexicopost.com\/index.php?rest_route=\/wp\/v2\/posts\/7593\/revisions"}],"predecessor-version":[{"id":7595,"href":"https:\/\/themexicopost.com\/index.php?rest_route=\/wp\/v2\/posts\/7593\/revisions\/7595"}],"wp:featuredmedia":[{"embeddable":true,"href":"https:\/\/themexicopost.com\/index.php?rest_route=\/wp\/v2\/media\/7594"}],"wp:attachment":[{"href":"https:\/\/themexicopost.com\/index.php?rest_route=%2Fwp%2Fv2%2Fmedia&parent=7593"}],"wp:term":[{"taxonomy":"category","embeddable":true,"href":"https:\/\/themexicopost.com\/index.php?rest_route=%2Fwp%2Fv2%2Fcategories&post=7593"},{"taxonomy":"post_tag","embeddable":true,"href":"https:\/\/themexicopost.com\/index.php?rest_route=%2Fwp%2Fv2%2Ftags&post=7593"}],"curies":[{"name":"wp","href":"https:\/\/api.w.org\/{rel}","templated":true}]}}