{"id":7596,"date":"2023-03-30T15:14:34","date_gmt":"2023-03-30T15:14:34","guid":{"rendered":"https:\/\/themexicopost.com\/?p=7596"},"modified":"2023-03-30T15:14:36","modified_gmt":"2023-03-30T15:14:36","slug":"papa-francisco-es-hospitalizado-por-problemas-cardiacos-y-respiratorios","status":"publish","type":"post","link":"https:\/\/themexicopost.com\/?p=7596","title":{"rendered":"Papa Francisco es hospitalizado por problemas cardiacos y respiratorios"},"content":{"rendered":"\n<figure class=\"wp-block-pullquote\"><blockquote><p>En un inicio, el Vaticano no proporcion\u00f3 m\u00e1s detalles que decir que la visita del pont\u00edfice al hospital Gemelli, en Roma; pero confirmaron la hospitalizaci\u00f3n por problemas respiratorios.<\/p><\/blockquote><\/figure>\n\n\n\n<p class=\"has-drop-cap wp-block-paragraph\">La salud del papa siempre es noticia. El Vaticano confirm\u00f3 que el papa Francisco, de 86 a\u00f1os, tiene una infecci\u00f3n pulmonar, raz\u00f3n por la cual fue internado este mi\u00e9rcoles en el hospital Gemelli de Roma para ser sometido a un \u201ccontrol m\u00e9dico programado\u201d.<br><\/p>\n\n\n\n<p class=\"wp-block-paragraph\">\u201cEl Santo Padre se encuentra en [el hospital] Gemelli desde esta tarde para controles previamente programados\u201d, indicaron desde la Santa Sede, desde tambi\u00e9n confirmaron que tiene una infecci\u00f3n pulmonar.<br><\/p>\n\n\n\n<p class=\"wp-block-paragraph\">El sumo pont\u00edfice de 86 a\u00f1os fue trasladado al hospital Gemelli de la capital italiana, esto tras la audiencia general celebrada en la Plaza de San Pedro, mientras ya se encontraba en su residencia de Santa Marta para estar seguro. El Vaticano cancel\u00f3 toda su agenda para este jueves y viernes.<br><\/p>\n\n\n\n<p class=\"wp-block-paragraph\">El neumon\u00f3logo, Oscar Rizzo, jefe del departamento de Urgencias del Hospital Mar\u00eda Ferrer, explic\u00f3 a Infobae: \u201cLa m\u00e1s frecuente de las infecciones pulmonares a la edad del papa es la neumon\u00eda, que tiene un riesgo que aumenta con la edad. No es lo mismo una neumon\u00eda a los 50 a\u00f1os, que a los 70 o a los 80.<br><\/p>\n\n\n\n<p class=\"wp-block-paragraph\">Los riesgos aumentan con la edad y eso b\u00e1sicamente es por el envejecimiento de los mecanismos inmunol\u00f3gicos de las personas mayores\u201d.<br><\/p>\n\n\n\n<p class=\"wp-block-paragraph\">Rizzo agreg\u00f3 en cuanto al tratamiento: \u201cPueden responder a los antibi\u00f3ticos y requieren la administraci\u00f3n de antibi\u00f3ticos endovenosos, sobre todo si hay factores de riesgo como la ca\u00edda de la oxigenaci\u00f3n o el la extensi\u00f3n de la enfermedad.<br><\/p>\n\n\n\n<figure class=\"wp-block-image size-large\"><img fetchpriority=\"high\" decoding=\"async\" width=\"1024\" height=\"683\" src=\"https:\/\/themexicopost.com\/wp-content\/uploads\/2023\/03\/internan-2-1024x683.jpg\" alt=\"\" class=\"wp-image-7598\" srcset=\"https:\/\/themexicopost.com\/wp-content\/uploads\/2023\/03\/internan-2-1024x683.jpg 1024w, https:\/\/themexicopost.com\/wp-content\/uploads\/2023\/03\/internan-2-300x200.jpg 300w, https:\/\/themexicopost.com\/wp-content\/uploads\/2023\/03\/internan-2-768x512.jpg 768w, https:\/\/themexicopost.com\/wp-content\/uploads\/2023\/03\/internan-2-330x220.jpg 330w, https:\/\/themexicopost.com\/wp-content\/uploads\/2023\/03\/internan-2-420x280.jpg 420w, https:\/\/themexicopost.com\/wp-content\/uploads\/2023\/03\/internan-2-615x410.jpg 615w, https:\/\/themexicopost.com\/wp-content\/uploads\/2023\/03\/internan-2-860x573.jpg 860w, https:\/\/themexicopost.com\/wp-content\/uploads\/2023\/03\/internan-2.jpg 1200w\" sizes=\"(max-width: 1024px) 100vw, 1024px\" \/><\/figure>\n\n\n\n<p class=\"wp-block-paragraph\">El hecho de que haya tenido una neumonectom\u00eda previa, obviamente significa que tiene una capacidad pulmonar un poco menor que la que corresponder\u00eda a alguien que no lo tuviera y eso tambi\u00e9n es un riesgo que lo aumenta\u201d.<br><\/p>\n\n\n\n<p class=\"wp-block-paragraph\">\u201cMientras que se mantenga en actitud estable y reciba r\u00e1pidamente antibi\u00f3ticos, uno podr\u00eda esperar una resoluci\u00f3n favorable de la infecci\u00f3n siempre y cuando no se haya extendido hacia la sangre. Las infecciones que se extienden a la sangre conllevan un riesgo much\u00edsimo mayor\u201d.<br><\/p>\n\n\n\n<p class=\"wp-block-paragraph\">Se estima, seg\u00fan datos que proporcion\u00f3 Tabaj, que 4 a 5 millones de personas en los Estados Unidos desarrollan neumon\u00eda cada a\u00f1o, de los cuales cerca de 55.000 mueren. \u201cEn los Estados Unidos, la neumon\u00eda, junto con la gripe, es la octava causa de muerte y es la principal causa de muerte por infecci\u00f3n\u201d, agreg\u00f3.<br><\/p>\n\n\n\n<p class=\"wp-block-paragraph\">El Papa tuvo que cancelar o reducir sus actividades varias veces el a\u00f1o pasado debido al dolor y en una entrevista de julio de 2022 reconoci\u00f3 que necesitaba bajar el ritmo, aunque ha asegurado en varias ocasiones que no se quiere operar.<br><\/p>\n\n\n\n<p class=\"wp-block-paragraph\">Durante la ma\u00f1ana de hoy, Francisco celebr\u00f3 la audiencia general y se le vio en buena salud y sin problemas y el pr\u00f3ximo domingo tiene prevista la misa del Domingo de Ramos.<br><\/p>\n\n\n\n<p class=\"wp-block-paragraph\">Durante la audiencia general celebrada en la plaza de San Pedro, el pont\u00edfice pidi\u00f3 rezar por los migrantes que fallecieron \u201cen el tr\u00e1gico incendio\u201d de una estaci\u00f3n del Instituto Nacional de Migraci\u00f3n (INM) en Ciudad Ju\u00e1rez, en M\u00e9xico.<\/p>\n","protected":false},"excerpt":{"rendered":"<p>En un inicio, el Vaticano no proporcion\u00f3 m\u00e1s detalles que decir que la visita del pont\u00edfice al hospital Gemelli, en Roma; pero confirmaron la hospitalizaci\u00f3n por problemas respiratorios. La salud del papa siempre es noticia. El Vaticano confirm\u00f3 que el papa Francisco, de 86 a\u00f1os, tiene una infecci\u00f3n pulmonar, raz\u00f3n por la cual fue internado [&hellip;]<\/p>\n","protected":false},"author":1,"featured_media":7597,"comment_status":"closed","ping_status":"closed","sticky":false,"template":"","format":"standard","meta":{"footnotes":""},"categories":[83,80],"tags":[],"class_list":["post-7596","post","type-post","status-publish","format-standard","has-post-thumbnail","hentry","category-destacado","category-mundo"],"_links":{"self":[{"href":"https:\/\/themexicopost.com\/index.php?rest_route=\/wp\/v2\/posts\/7596","targetHints":{"allow":["GET"]}}],"collection":[{"href":"https:\/\/themexicopost.com\/index.php?rest_route=\/wp\/v2\/posts"}],"about":[{"href":"https:\/\/themexicopost.com\/index.php?rest_route=\/wp\/v2\/types\/post"}],"author":[{"embeddable":true,"href":"https:\/\/themexicopost.com\/index.php?rest_route=\/wp\/v2\/users\/1"}],"replies":[{"embeddable":true,"href":"https:\/\/themexicopost.com\/index.php?rest_route=%2Fwp%2Fv2%2Fcomments&post=7596"}],"version-history":[{"count":1,"href":"https:\/\/themexicopost.com\/index.php?rest_route=\/wp\/v2\/posts\/7596\/revisions"}],"predecessor-version":[{"id":7599,"href":"https:\/\/themexicopost.com\/index.php?rest_route=\/wp\/v2\/posts\/7596\/revisions\/7599"}],"wp:featuredmedia":[{"embeddable":true,"href":"https:\/\/themexicopost.com\/index.php?rest_route=\/wp\/v2\/media\/7597"}],"wp:attachment":[{"href":"https:\/\/themexicopost.com\/index.php?rest_route=%2Fwp%2Fv2%2Fmedia&parent=7596"}],"wp:term":[{"taxonomy":"category","embeddable":true,"href":"https:\/\/themexicopost.com\/index.php?rest_route=%2Fwp%2Fv2%2Fcategories&post=7596"},{"taxonomy":"post_tag","embeddable":true,"href":"https:\/\/themexicopost.com\/index.php?rest_route=%2Fwp%2Fv2%2Ftags&post=7596"}],"curies":[{"name":"wp","href":"https:\/\/api.w.org\/{rel}","templated":true}]}}