{"id":7626,"date":"2023-03-30T16:26:14","date_gmt":"2023-03-30T16:26:14","guid":{"rendered":"https:\/\/themexicopost.com\/?p=7626"},"modified":"2023-03-30T16:26:15","modified_gmt":"2023-03-30T16:26:15","slug":"busca-parlamento-europeo-desvincularse-de-china","status":"publish","type":"post","link":"https:\/\/themexicopost.com\/?p=7626","title":{"rendered":"Busca Parlamento Europeo desvincularse de China"},"content":{"rendered":"\n<figure class=\"wp-block-pullquote\"><blockquote><p>L\u00edderes internacionales debatieron medidas para avanzar hacia la autosuficiencia de la UE.<\/p><\/blockquote><\/figure>\n\n\n\n<p class=\"has-drop-cap wp-block-paragraph\">Los eurodiputados del Parlamento Europeo defendieron este mi\u00e9rcoles la necesidad de una industria \u2018limpia\u2019 en sinton\u00eda con los objetivos clim\u00e1ticos estrat\u00e9gicos de la Uni\u00f3n Europea al tiempo que se garantiza la autonom\u00eda estrat\u00e9gica para alejarse de potencias como China y se mantienen acuerdos con otras \u201cdependencias elegidas\u201d.<br><\/p>\n\n\n\n<p class=\"wp-block-paragraph\">As\u00ed han coincidido en destacarlo en la sesi\u00f3n plenaria que se ha celebrado en Bruselas durante el debate sobre las conclusiones adoptadas por los Estados miembro en la reuni\u00f3n de jefes de Estado y de Gobierno que tuvo lugar el pasado 23 y 24 de marzo, en la que los l\u00edderes debatieron el paquete presentado por Bruselas para avanzar hacia la autosuficiencia de la UE, impulsar renovables y reducir la dependencia de terceros pa\u00edses como China.<br><\/p>\n\n\n\n<p class=\"wp-block-paragraph\">Tras un a\u00f1o en que m\u00e1s del 90% de todas las nuevas f\u00e1bricas de tecnolog\u00eda limpia se pusieron en marcha en China, Von der Leyen abog\u00f3 por evitar un \u201cexceso de confianza\u201d que podr\u00eda tener un \u201calto precio\u201d y defendi\u00f3 que si la UE no act\u00faa \u201cahora mismo, este dominio chino sobre la cadena de valor de las tecnolog\u00edas limpias ser\u00e1 a\u00fan mayor\u201d.<br><\/p>\n\n\n\n<p class=\"wp-block-paragraph\">Los eurodiputados han respaldado este planteamiento de Bruselas al tiempo que han subrayado la necesidad de reforzar la autonom\u00eda estrat\u00e9gica, pero tambi\u00e9n las \u201cdependencias elegidas\u201d, como las ha definido el portavoz de los Verdes, Philippe Lamberts.<br><\/p>\n\n\n\n<p class=\"wp-block-paragraph\">\u201cLa pol\u00edtica comercial de la UE tiene que centrarse en dependencias elegidas de nivel adecuado y en la resiliencia de las sociedades a trav\u00e9s de la diversificaci\u00f3n de proveedores y mercados y de la consideraci\u00f3n de asociaciones estrat\u00e9gicas, porque Europa no es una isla\u201d, advirti\u00f3 el eurodiputado ecologista.<br><\/p>\n\n\n\n<p class=\"wp-block-paragraph\">\u201cNo podemos permitir que China divida a Europa ni la cooperaci\u00f3n transatl\u00e1ntica\u201d, apunt\u00f3 el presidente de los \u2018populares\u2019 europeos, Manfred Weber, en l\u00edneas similares al eurodiputado del grupo de los liberales Malik Azmani, quien ha animado a \u201cprofundizar en nuevas tecnolog\u00edas y nuevos acuerdos comerciales\u201d.<br><\/p>\n\n\n\n<p class=\"wp-block-paragraph\">El m\u00e1s cr\u00edtico con el plan de Bruselas para reforzar la competitividad de la Uni\u00f3n ha sido el portavoz del grupo Identidad y Democracia, de extrema derecha, Marco Zanni, quien ha reprobado que \u201cla falacia del paquete sobre transici\u00f3n industrial muestra que el Pacto Verde tiene bases poco s\u00f3lidas\u201d, aunque ha reconocido que a\u00fan hay \u201ctiempo de cambiar las cosas\u201d antes de expresar su preocupaci\u00f3n por lo que considera un \u201ccentralismo creciente\u201d en la UE.<\/p>\n","protected":false},"excerpt":{"rendered":"<p>L\u00edderes internacionales debatieron medidas para avanzar hacia la autosuficiencia de la UE. Los eurodiputados del Parlamento Europeo defendieron este mi\u00e9rcoles la necesidad de una industria \u2018limpia\u2019 en sinton\u00eda con los objetivos clim\u00e1ticos estrat\u00e9gicos de la Uni\u00f3n Europea al tiempo que se garantiza la autonom\u00eda estrat\u00e9gica para alejarse de potencias como China y se mantienen acuerdos [&hellip;]<\/p>\n","protected":false},"author":1,"featured_media":7627,"comment_status":"closed","ping_status":"closed","sticky":false,"template":"","format":"standard","meta":{"footnotes":""},"categories":[80],"tags":[],"class_list":["post-7626","post","type-post","status-publish","format-standard","has-post-thumbnail","hentry","category-mundo"],"_links":{"self":[{"href":"https:\/\/themexicopost.com\/index.php?rest_route=\/wp\/v2\/posts\/7626","targetHints":{"allow":["GET"]}}],"collection":[{"href":"https:\/\/themexicopost.com\/index.php?rest_route=\/wp\/v2\/posts"}],"about":[{"href":"https:\/\/themexicopost.com\/index.php?rest_route=\/wp\/v2\/types\/post"}],"author":[{"embeddable":true,"href":"https:\/\/themexicopost.com\/index.php?rest_route=\/wp\/v2\/users\/1"}],"replies":[{"embeddable":true,"href":"https:\/\/themexicopost.com\/index.php?rest_route=%2Fwp%2Fv2%2Fcomments&post=7626"}],"version-history":[{"count":1,"href":"https:\/\/themexicopost.com\/index.php?rest_route=\/wp\/v2\/posts\/7626\/revisions"}],"predecessor-version":[{"id":7628,"href":"https:\/\/themexicopost.com\/index.php?rest_route=\/wp\/v2\/posts\/7626\/revisions\/7628"}],"wp:featuredmedia":[{"embeddable":true,"href":"https:\/\/themexicopost.com\/index.php?rest_route=\/wp\/v2\/media\/7627"}],"wp:attachment":[{"href":"https:\/\/themexicopost.com\/index.php?rest_route=%2Fwp%2Fv2%2Fmedia&parent=7626"}],"wp:term":[{"taxonomy":"category","embeddable":true,"href":"https:\/\/themexicopost.com\/index.php?rest_route=%2Fwp%2Fv2%2Fcategories&post=7626"},{"taxonomy":"post_tag","embeddable":true,"href":"https:\/\/themexicopost.com\/index.php?rest_route=%2Fwp%2Fv2%2Ftags&post=7626"}],"curies":[{"name":"wp","href":"https:\/\/api.w.org\/{rel}","templated":true}]}}