{"id":7629,"date":"2023-03-30T16:27:38","date_gmt":"2023-03-30T16:27:38","guid":{"rendered":"https:\/\/themexicopost.com\/?p=7629"},"modified":"2023-03-30T16:27:39","modified_gmt":"2023-03-30T16:27:39","slug":"siria-denuncia-ataque-aereo-contra-damasco-acusa-a-israel","status":"publish","type":"post","link":"https:\/\/themexicopost.com\/?p=7629","title":{"rendered":"Siria denuncia ataque a\u00e9reo contra Damasco; acusa a Israel"},"content":{"rendered":"\n<p class=\"has-drop-cap wp-block-paragraph\">Siria acus\u00f3 a Israel de atacar con misiles varias posiciones de su Ej\u00e9rcito en Damasco en la madrugada de este jueves, dejando a dos efectivos heridos y causando da\u00f1os materiales,\u00a0 informa\u00a0 la agencia estatal SANA citando fuentes militares.<br><\/p>\n\n\n\n<p class=\"wp-block-paragraph\">El ataque procedi\u00f3 del territorio ocupado de los Altos del Gol\u00e1n y varios misiles fueron interceptados por las defensas antia\u00e9reas, precisaron las fuentes.<br><\/p>\n\n\n\n<p class=\"wp-block-paragraph\">Varias explosiones se oyeron en la capital, sin que se haya precisado todav\u00eda los objetos que fueron impactados. Medios locales reportan un incendio en el barrio residencial de Al Midan, en el sur de la ciudad, y de un ataque en el cercano barrio de Kafr Sousa.<br><\/p>\n\n\n\n<p class=\"wp-block-paragraph\">El bombardeo se produce una semana despu\u00e9s de que Israel\u00a0 atacara\u00a0 el aeropuerto de Alepo, da\u00f1ando la pista y dej\u00e1ndolo fuera de servicio durante dos d\u00edas.<br><\/p>\n\n\n\n<p class=\"wp-block-paragraph\">Israel ha llevado a cabo cientos de ataques a\u00e9reos contra el territorio sirio desde 2011, pero rara vez los reconoce. En las pocas ocasiones en que las Fuerzas de Defensa de Israel han comentado los bombardeos, han alegado atacar objetivos de las milicias proiran\u00edes en Siria en forma de defensa preventiva.<\/p>\n","protected":false},"excerpt":{"rendered":"<p>Siria acus\u00f3 a Israel de atacar con misiles varias posiciones de su Ej\u00e9rcito en Damasco en la madrugada de este jueves, dejando a dos efectivos heridos y causando da\u00f1os materiales,\u00a0 informa\u00a0 la agencia estatal SANA citando fuentes militares. El ataque procedi\u00f3 del territorio ocupado de los Altos del Gol\u00e1n y varios misiles fueron interceptados por [&hellip;]<\/p>\n","protected":false},"author":1,"featured_media":7630,"comment_status":"closed","ping_status":"closed","sticky":false,"template":"","format":"standard","meta":{"footnotes":""},"categories":[80],"tags":[],"class_list":["post-7629","post","type-post","status-publish","format-standard","has-post-thumbnail","hentry","category-mundo"],"_links":{"self":[{"href":"https:\/\/themexicopost.com\/index.php?rest_route=\/wp\/v2\/posts\/7629","targetHints":{"allow":["GET"]}}],"collection":[{"href":"https:\/\/themexicopost.com\/index.php?rest_route=\/wp\/v2\/posts"}],"about":[{"href":"https:\/\/themexicopost.com\/index.php?rest_route=\/wp\/v2\/types\/post"}],"author":[{"embeddable":true,"href":"https:\/\/themexicopost.com\/index.php?rest_route=\/wp\/v2\/users\/1"}],"replies":[{"embeddable":true,"href":"https:\/\/themexicopost.com\/index.php?rest_route=%2Fwp%2Fv2%2Fcomments&post=7629"}],"version-history":[{"count":1,"href":"https:\/\/themexicopost.com\/index.php?rest_route=\/wp\/v2\/posts\/7629\/revisions"}],"predecessor-version":[{"id":7631,"href":"https:\/\/themexicopost.com\/index.php?rest_route=\/wp\/v2\/posts\/7629\/revisions\/7631"}],"wp:featuredmedia":[{"embeddable":true,"href":"https:\/\/themexicopost.com\/index.php?rest_route=\/wp\/v2\/media\/7630"}],"wp:attachment":[{"href":"https:\/\/themexicopost.com\/index.php?rest_route=%2Fwp%2Fv2%2Fmedia&parent=7629"}],"wp:term":[{"taxonomy":"category","embeddable":true,"href":"https:\/\/themexicopost.com\/index.php?rest_route=%2Fwp%2Fv2%2Fcategories&post=7629"},{"taxonomy":"post_tag","embeddable":true,"href":"https:\/\/themexicopost.com\/index.php?rest_route=%2Fwp%2Fv2%2Ftags&post=7629"}],"curies":[{"name":"wp","href":"https:\/\/api.w.org\/{rel}","templated":true}]}}