{"id":7632,"date":"2023-03-30T16:28:48","date_gmt":"2023-03-30T16:28:48","guid":{"rendered":"https:\/\/themexicopost.com\/?p=7632"},"modified":"2023-03-30T16:28:49","modified_gmt":"2023-03-30T16:28:49","slug":"renuncia-hans-zollner-miembro-de-la-comision-del-vaticano-contra-los-abusos-a-menores","status":"publish","type":"post","link":"https:\/\/themexicopost.com\/?p=7632","title":{"rendered":"Renuncia Hans Zollner, miembro de la comisi\u00f3n del Vaticano contra los abusos a menores"},"content":{"rendered":"\n<figure class=\"wp-block-pullquote\"><blockquote><p>El padre jesuita se\u00f1al\u00f3 que dimiti\u00f3 por las disfunciones dentro de la comisi\u00f3n y dijo que detect\u00f3 problemas que deben abordarse con urgencia y que le imposibilitaron continuar su misi\u00f3n.<\/p><\/blockquote><\/figure>\n\n\n\n<p class=\"has-drop-cap wp-block-paragraph\">Hans Zollner, el miembro m\u00e1s influyente de la comisi\u00f3n del Vaticano que lucha contra los abusos sexuales a menores dentro de la iglesia, renunci\u00f3 este mi\u00e9rcoles, reavivando el debate sobre la efectividad de este pol\u00e9mica instancia, creada en 2014.<br><\/p>\n\n\n\n<p class=\"wp-block-paragraph\">\u201cLa [Pontificia] Comisi\u00f3n [para la Protecci\u00f3n de los Menores] tuvo conocimiento de que el padre Hans Zollner ha pedido ser relevado de sus funciones\u201d, anunci\u00f3 el mi\u00e9rcoles el presidente de la instancia, el cardenal estadounidense Sean O\u2019Malley.<br><\/p>\n\n\n\n<p class=\"wp-block-paragraph\">La renuncia, justificada oficialmente por el reciente nombramiento de Zollner para otros cargos (consultor de la Di\u00f3cesis de Roma en temas relacionados con la lucha contra las agresiones sexuales) fue aceptada el 14 de marzo por el papa \u201ccon su profundo agradecimiento por sus muchos a\u00f1os de servicio\u201d, dijo el cardenal O\u2019Malley.<br><\/p>\n\n\n\n<p class=\"wp-block-paragraph\">Por su parte Zollner, jesuita como el papa Francisco y uno de los principales expertos en la lucha contra los abusos a menores dentro de la iglesia cat\u00f3lica, explic\u00f3 su renuncia por las disfunciones dentro de la comisi\u00f3n.<br><\/p>\n\n\n\n<p class=\"wp-block-paragraph\">\u201cDurante mi trabajo en la comisi\u00f3n, detect\u00e9 problemas que deben abordarse con urgencia y que me imposibilitaron continuar mi misi\u00f3n\u201d, indic\u00f3 en un comunicado publicado en Twitter.<br><\/p>\n\n\n\n<p class=\"wp-block-paragraph\">\u201cLa protecci\u00f3n de los ni\u00f1os y de las personas vulnerables debe estar en el centro de la misi\u00f3n de la Iglesia Cat\u00f3lica\u201d, pero \u201cen los \u00faltimos a\u00f1os ha aumentado mi preocupaci\u00f3n por la forma en que la Comisi\u00f3n (\u2026) actu\u00f3 para cumplir esta misi\u00f3n\u201d, indic\u00f3.<br><\/p>\n\n\n\n<p class=\"wp-block-paragraph\">Este reconocido acad\u00e9mico y cercano asesor del papa critica en particular \u201cla falta de claridad\u201d en el proceso de selecci\u00f3n de los miembros y el personal de la comisi\u00f3n, as\u00ed como la \u201cresponsabilidad financiera\u201d, que considera \u201cinadecuada, as\u00ed como la \u201cinformaci\u00f3n insuficiente y la vaga comunicaci\u00f3n\u201d sobre el proceso de toma de decisiones.<br><\/p>\n\n\n\n<p class=\"wp-block-paragraph\">Seg\u00fan el presidente de la asociaci\u00f3n italiana de v\u00edctimas Rete l\u2019abuso, Francesco Zanardi, el Vaticano est\u00e1 haciendo pagar a Zollner el precio por \u201csus valientes declaraciones (\u2026) que van en contra de las posiciones de la iglesia\u201d.<br><\/p>\n\n\n\n<p class=\"wp-block-paragraph\">\u201cSiempre ha sido muy honesto\u201d, dijo. \u201cMe gustar\u00eda saber si renunci\u00f3 por su propia voluntad o si fue empujado a renunciar\u201d, agreg\u00f3, considerando que de momento la comisi\u00f3n pontificia es \u201cabsolutamente in\u00fatil\u201d.<br><\/p>\n\n\n\n<p class=\"wp-block-paragraph\">La instancia creada en 2014, compuesta por expertos religiosos y laicos y que en 2022 fue integrada en la Curia, el gobierno de la Santa Sede, ha sido objeto de severas cr\u00edticas.<br><\/p>\n\n\n\n<p class=\"wp-block-paragraph\">En 2016 y 2017, dos de sus miembros, el brit\u00e1nico Peter Saunders y la irlandesa Marie Collins, tambi\u00e9n renunciaron denunciando la falta de cooperaci\u00f3n en el Vaticano.<br><\/p>\n\n\n\n<p class=\"wp-block-paragraph\">A pesar de las medidas adoptadas por el papa desde su elecci\u00f3n en 2013, como el levantamiento del secreto papal sobre la violencia sexual por parte del clero o la obligaci\u00f3n de denunciar los casos, las asociaciones de v\u00edctimas creen que las acciones concretas para combatir los abusos siguen siendo insuficientes.<\/p>\n","protected":false},"excerpt":{"rendered":"<p>El padre jesuita se\u00f1al\u00f3 que dimiti\u00f3 por las disfunciones dentro de la comisi\u00f3n y dijo que detect\u00f3 problemas que deben abordarse con urgencia y que le imposibilitaron continuar su misi\u00f3n. Hans Zollner, el miembro m\u00e1s influyente de la comisi\u00f3n del Vaticano que lucha contra los abusos sexuales a menores dentro de la iglesia, renunci\u00f3 este [&hellip;]<\/p>\n","protected":false},"author":1,"featured_media":7633,"comment_status":"closed","ping_status":"closed","sticky":false,"template":"","format":"standard","meta":{"footnotes":""},"categories":[80],"tags":[],"class_list":["post-7632","post","type-post","status-publish","format-standard","has-post-thumbnail","hentry","category-mundo"],"_links":{"self":[{"href":"https:\/\/themexicopost.com\/index.php?rest_route=\/wp\/v2\/posts\/7632","targetHints":{"allow":["GET"]}}],"collection":[{"href":"https:\/\/themexicopost.com\/index.php?rest_route=\/wp\/v2\/posts"}],"about":[{"href":"https:\/\/themexicopost.com\/index.php?rest_route=\/wp\/v2\/types\/post"}],"author":[{"embeddable":true,"href":"https:\/\/themexicopost.com\/index.php?rest_route=\/wp\/v2\/users\/1"}],"replies":[{"embeddable":true,"href":"https:\/\/themexicopost.com\/index.php?rest_route=%2Fwp%2Fv2%2Fcomments&post=7632"}],"version-history":[{"count":1,"href":"https:\/\/themexicopost.com\/index.php?rest_route=\/wp\/v2\/posts\/7632\/revisions"}],"predecessor-version":[{"id":7634,"href":"https:\/\/themexicopost.com\/index.php?rest_route=\/wp\/v2\/posts\/7632\/revisions\/7634"}],"wp:featuredmedia":[{"embeddable":true,"href":"https:\/\/themexicopost.com\/index.php?rest_route=\/wp\/v2\/media\/7633"}],"wp:attachment":[{"href":"https:\/\/themexicopost.com\/index.php?rest_route=%2Fwp%2Fv2%2Fmedia&parent=7632"}],"wp:term":[{"taxonomy":"category","embeddable":true,"href":"https:\/\/themexicopost.com\/index.php?rest_route=%2Fwp%2Fv2%2Fcategories&post=7632"},{"taxonomy":"post_tag","embeddable":true,"href":"https:\/\/themexicopost.com\/index.php?rest_route=%2Fwp%2Fv2%2Ftags&post=7632"}],"curies":[{"name":"wp","href":"https:\/\/api.w.org\/{rel}","templated":true}]}}