{"id":7635,"date":"2023-03-30T16:29:40","date_gmt":"2023-03-30T16:29:40","guid":{"rendered":"https:\/\/themexicopost.com\/?p=7635"},"modified":"2023-03-30T16:30:00","modified_gmt":"2023-03-30T16:30:00","slug":"se-celebra-misa-en-monasterio-en-irak-por-primera-vez-en-mas-de-20-anos","status":"publish","type":"post","link":"https:\/\/themexicopost.com\/?p=7635","title":{"rendered":"Se celebra misa en monasterio de Irak por primera vez en m\u00e1s de 20 a\u00f1os"},"content":{"rendered":"\n<figure class=\"wp-block-pullquote\"><blockquote><p>**La misa dominical estuvo a cargo del arzobispo Najib Mikhael Moussa, jefe de la di\u00f3cesis caldea de Mosul y Aqra<\/p><\/blockquote><\/figure>\n\n\n\n<p class=\"has-drop-cap wp-block-paragraph\">Durante muchos a\u00f1os los cristianos en Irak sufrieron bajo la mano de distintos \u201cgobernantes\u201d y debieron dejar de lado sus iglesias debido a la inseguridad y la violencia que los rodeaba.<br><\/p>\n\n\n\n<p class=\"wp-block-paragraph\">Todo eso cambi\u00f3 a principios de esta semana luego de que se celebrara, por primera vez en m\u00e1s de 20 a\u00f1os, la Divina Liturgia en Deir Mar Mikhael (Monasterio de San Miguel), ubicado a 6 km al noroeste de Mosul, cerca del r\u00edo Tigris en el norte de Irak.<br><\/p>\n\n\n\n<p class=\"wp-block-paragraph\">Al Jazeera coment\u00f3 que la misa dominical estuvo a cargo del arzobispo Najib Mikhael Moussa, jefe de la di\u00f3cesis caldea de Mosul y Aqra, quien le confes\u00f3 al medio de su felicidad por poder hacer esto despu\u00e9s de tanto tiempo.<br><\/p>\n\n\n\n<p class=\"wp-block-paragraph\">\u201cEsperamos poder continuar nuestras oraciones en todas las iglesias y monasterios destruidos que fueron destruidos y sus creyentes desplazados\u201d, dijo.<br><\/p>\n\n\n\n<p class=\"wp-block-paragraph\">Mar Mikhael [es conocido como] el compa\u00f1ero de los \u00e1ngeles debido a su alteza en la virtud y elevada moral. Cuando ISIL control\u00f3 Mosul, muchas iglesias y monasterios fueron destruidos y muchos todav\u00eda est\u00e1n da\u00f1ados, a pesar de que han pasado seis a\u00f1os desde la liberaci\u00f3n de la ciudad\u201d.<br><\/p>\n\n\n\n<p class=\"wp-block-paragraph\">El medio habl\u00f3 con Hamid Tuzi, de 31 a\u00f1os, un fiel que asisti\u00f3 a la misa, y coment\u00f3, \u201cDespu\u00e9s de 2003, como cristianos, sol\u00edamos quedarnos en casa durante largos per\u00edodos y deliberadamente no ir a iglesias y monasterios debido a las malas condiciones de seguridad y las amenazas a los cristianos\u201d.<br><\/p>\n\n\n\n<p class=\"wp-block-paragraph\">Cabe recordar que los residentes de Mosul han vivido en la inseguridad desde la invasi\u00f3n de Irak encabezada por Estados Unidos en 2003. En junio de 2014, la ciudad fue tomada por el grupo armado ISIL (ISIS), que la mantuvo hasta julio de 2017. Pero incluso despu\u00e9s de que su ciudad fuera liberada, la gente de Mosul sufri\u00f3 ataques dispersos que se sumaron a la sensaci\u00f3n de inseguridad.<\/p>\n","protected":false},"excerpt":{"rendered":"<p>**La misa dominical estuvo a cargo del arzobispo Najib Mikhael Moussa, jefe de la di\u00f3cesis caldea de Mosul y Aqra Durante muchos a\u00f1os los cristianos en Irak sufrieron bajo la mano de distintos \u201cgobernantes\u201d y debieron dejar de lado sus iglesias debido a la inseguridad y la violencia que los rodeaba. Todo eso cambi\u00f3 a [&hellip;]<\/p>\n","protected":false},"author":1,"featured_media":7636,"comment_status":"closed","ping_status":"closed","sticky":false,"template":"","format":"standard","meta":{"footnotes":""},"categories":[80],"tags":[],"class_list":["post-7635","post","type-post","status-publish","format-standard","has-post-thumbnail","hentry","category-mundo"],"_links":{"self":[{"href":"https:\/\/themexicopost.com\/index.php?rest_route=\/wp\/v2\/posts\/7635","targetHints":{"allow":["GET"]}}],"collection":[{"href":"https:\/\/themexicopost.com\/index.php?rest_route=\/wp\/v2\/posts"}],"about":[{"href":"https:\/\/themexicopost.com\/index.php?rest_route=\/wp\/v2\/types\/post"}],"author":[{"embeddable":true,"href":"https:\/\/themexicopost.com\/index.php?rest_route=\/wp\/v2\/users\/1"}],"replies":[{"embeddable":true,"href":"https:\/\/themexicopost.com\/index.php?rest_route=%2Fwp%2Fv2%2Fcomments&post=7635"}],"version-history":[{"count":2,"href":"https:\/\/themexicopost.com\/index.php?rest_route=\/wp\/v2\/posts\/7635\/revisions"}],"predecessor-version":[{"id":7639,"href":"https:\/\/themexicopost.com\/index.php?rest_route=\/wp\/v2\/posts\/7635\/revisions\/7639"}],"wp:featuredmedia":[{"embeddable":true,"href":"https:\/\/themexicopost.com\/index.php?rest_route=\/wp\/v2\/media\/7636"}],"wp:attachment":[{"href":"https:\/\/themexicopost.com\/index.php?rest_route=%2Fwp%2Fv2%2Fmedia&parent=7635"}],"wp:term":[{"taxonomy":"category","embeddable":true,"href":"https:\/\/themexicopost.com\/index.php?rest_route=%2Fwp%2Fv2%2Fcategories&post=7635"},{"taxonomy":"post_tag","embeddable":true,"href":"https:\/\/themexicopost.com\/index.php?rest_route=%2Fwp%2Fv2%2Ftags&post=7635"}],"curies":[{"name":"wp","href":"https:\/\/api.w.org\/{rel}","templated":true}]}}