{"id":7673,"date":"2023-03-31T14:24:39","date_gmt":"2023-03-31T14:24:39","guid":{"rendered":"https:\/\/themexicopost.com\/?p=7673"},"modified":"2023-03-31T14:24:40","modified_gmt":"2023-03-31T14:24:40","slug":"los-transexuales-conforman-el-alma-de-la-nacion-biden","status":"publish","type":"post","link":"https:\/\/themexicopost.com\/?p=7673","title":{"rendered":"Los transexuales conforman el alma de la naci\u00f3n: Biden"},"content":{"rendered":"\n<figure class=\"wp-block-pullquote\"><blockquote><p>El mandatario tambi\u00e9n denunci\u00f3 una &#8220;epidemia de violencia&#8221; contra las personas transg\u00e9nero a quienes se les siguen negando derechos y libertades particulares.<\/p><\/blockquote><\/figure>\n\n\n\n<p class=\"has-drop-cap wp-block-paragraph\">El presidente de EE.UU., Joe Biden, emiti\u00f3 una proclamaci\u00f3n oficial declarando que las personas transexuales &#8220;conforman el alma de la naci\u00f3n&#8221; estadounidense.<br><\/p>\n\n\n\n<p class=\"wp-block-paragraph\">&#8220;Los estadounidenses transg\u00e9nero conforman el alma de nuestra naci\u00f3n: sirven con orgullo en el Ej\u00e9rcito, curan enfermedades mortales, ocupan cargos electos, dirigen empresas pr\u00f3speras, luchan por la justicia, forman familias y mucho m\u00e1s&#8221;, declar\u00f3 el jueves en el marco del D\u00eda de la Visibilidad Transexual.<br><\/p>\n\n\n\n<p class=\"wp-block-paragraph\">El mandatario tambi\u00e9n denunci\u00f3 una &#8220;epidemia de violencia&#8221; contra los transexuales, a quienes, afirma, se les siguen negando derechos y libertades particulares. &#8220;Una oleada de leyes estatales discriminatorias se dirige contra los j\u00f3venes transg\u00e9nero, aterroriza a las familias y hace da\u00f1o a los ni\u00f1os&#8221;, critic\u00f3.<br><\/p>\n\n\n\n<p class=\"wp-block-paragraph\">Cabe recordar que recientemente varios estados del pa\u00eds norteamericano han prohibido o restringido las cirug\u00edas de cambio de sexo y otros tratamientos a menores, algo que Biden y su Administraci\u00f3n han atacado por considerarlo discriminatorio y cruel.<br><\/p>\n\n\n\n<figure class=\"wp-block-image size-large\"><img fetchpriority=\"high\" decoding=\"async\" width=\"1024\" height=\"683\" src=\"https:\/\/themexicopost.com\/wp-content\/uploads\/2023\/03\/los-transexuales-2-1024x683.jpg\" alt=\"\" class=\"wp-image-7675\" srcset=\"https:\/\/themexicopost.com\/wp-content\/uploads\/2023\/03\/los-transexuales-2-1024x683.jpg 1024w, https:\/\/themexicopost.com\/wp-content\/uploads\/2023\/03\/los-transexuales-2-300x200.jpg 300w, https:\/\/themexicopost.com\/wp-content\/uploads\/2023\/03\/los-transexuales-2-768x512.jpg 768w, https:\/\/themexicopost.com\/wp-content\/uploads\/2023\/03\/los-transexuales-2-330x220.jpg 330w, https:\/\/themexicopost.com\/wp-content\/uploads\/2023\/03\/los-transexuales-2-420x280.jpg 420w, https:\/\/themexicopost.com\/wp-content\/uploads\/2023\/03\/los-transexuales-2-615x410.jpg 615w, https:\/\/themexicopost.com\/wp-content\/uploads\/2023\/03\/los-transexuales-2-860x573.jpg 860w, https:\/\/themexicopost.com\/wp-content\/uploads\/2023\/03\/los-transexuales-2.jpg 1200w\" sizes=\"(max-width: 1024px) 100vw, 1024px\" \/><\/figure>\n\n\n\n<p class=\"wp-block-paragraph\">A principios de este mes, el mandatario calific\u00f3 de &#8220;cercano al pecado&#8221; el hecho de que varios estados proh\u00edban la cirug\u00eda de cambio de sexo y los bloqueadores de la pubertad para los ni\u00f1os, una declaraci\u00f3n que desat\u00f3 cr\u00edticas en parte de la comunidad m\u00e9dica.<br><\/p>\n\n\n\n<p class=\"wp-block-paragraph\">&#8220;No hay pruebas fehacientes de que los ni\u00f1os tratados con hormonas que alteran el sexo o bloqueadores de la pubertad tengan mejores evaluaciones de salud mental&#8221;, aseguraron expertos.<br><\/p>\n\n\n\n<p class=\"wp-block-paragraph\">Por su parte, la portavoz del Ministerio de Exteriores ruso, Mar\u00eda Zaj\u00e1rova, coment\u00f3 la proclamaci\u00f3n de Biden recordando algunos hechos de la historia de la transexualidad desde el punto de vista m\u00e9dico.<br><\/p>\n\n\n\n<p class=\"wp-block-paragraph\">&#8220;Dado que la Organizaci\u00f3n Mundial de la Salud no dej\u00f3 de clasificar oficialmente a la transexualidad como un trastorno ps\u00edquico (&#8216;psico&#8217; en griego antiguo significa &#8216;alma&#8217;) hasta el 25 de mayo de 2019, \u00bfindica esta declaraci\u00f3n del presidente estadounidense la mala salud mental de la naci\u00f3n norteamericana?&#8221;, ironiz\u00f3 la vocera.<\/p>\n","protected":false},"excerpt":{"rendered":"<p>El mandatario tambi\u00e9n denunci\u00f3 una &#8220;epidemia de violencia&#8221; contra las personas transg\u00e9nero a quienes se les siguen negando derechos y libertades particulares. El presidente de EE.UU., Joe Biden, emiti\u00f3 una proclamaci\u00f3n oficial declarando que las personas transexuales &#8220;conforman el alma de la naci\u00f3n&#8221; estadounidense. &#8220;Los estadounidenses transg\u00e9nero conforman el alma de nuestra naci\u00f3n: sirven con [&hellip;]<\/p>\n","protected":false},"author":1,"featured_media":7674,"comment_status":"closed","ping_status":"closed","sticky":false,"template":"","format":"standard","meta":{"footnotes":""},"categories":[83,80],"tags":[],"class_list":["post-7673","post","type-post","status-publish","format-standard","has-post-thumbnail","hentry","category-destacado","category-mundo"],"_links":{"self":[{"href":"https:\/\/themexicopost.com\/index.php?rest_route=\/wp\/v2\/posts\/7673","targetHints":{"allow":["GET"]}}],"collection":[{"href":"https:\/\/themexicopost.com\/index.php?rest_route=\/wp\/v2\/posts"}],"about":[{"href":"https:\/\/themexicopost.com\/index.php?rest_route=\/wp\/v2\/types\/post"}],"author":[{"embeddable":true,"href":"https:\/\/themexicopost.com\/index.php?rest_route=\/wp\/v2\/users\/1"}],"replies":[{"embeddable":true,"href":"https:\/\/themexicopost.com\/index.php?rest_route=%2Fwp%2Fv2%2Fcomments&post=7673"}],"version-history":[{"count":1,"href":"https:\/\/themexicopost.com\/index.php?rest_route=\/wp\/v2\/posts\/7673\/revisions"}],"predecessor-version":[{"id":7676,"href":"https:\/\/themexicopost.com\/index.php?rest_route=\/wp\/v2\/posts\/7673\/revisions\/7676"}],"wp:featuredmedia":[{"embeddable":true,"href":"https:\/\/themexicopost.com\/index.php?rest_route=\/wp\/v2\/media\/7674"}],"wp:attachment":[{"href":"https:\/\/themexicopost.com\/index.php?rest_route=%2Fwp%2Fv2%2Fmedia&parent=7673"}],"wp:term":[{"taxonomy":"category","embeddable":true,"href":"https:\/\/themexicopost.com\/index.php?rest_route=%2Fwp%2Fv2%2Fcategories&post=7673"},{"taxonomy":"post_tag","embeddable":true,"href":"https:\/\/themexicopost.com\/index.php?rest_route=%2Fwp%2Fv2%2Ftags&post=7673"}],"curies":[{"name":"wp","href":"https:\/\/api.w.org\/{rel}","templated":true}]}}