{"id":76761,"date":"2026-02-19T07:38:04","date_gmt":"2026-02-19T13:38:04","guid":{"rendered":"https:\/\/themexicopost.com\/?p=76761"},"modified":"2026-02-19T07:38:12","modified_gmt":"2026-02-19T13:38:12","slug":"ricardo-moreno-firma-convenio-en-pro-de-periodistas-y-defensores-de-ddhh","status":"publish","type":"post","link":"https:\/\/themexicopost.com\/?p=76761","title":{"rendered":"Ricardo Moreno firma convenio en pro de periodistas y defensores de DDHH"},"content":{"rendered":"\n<figure class=\"wp-block-pullquote\"><blockquote><p>-El convenio salvaguardar\u00e1 la vida, integridad y libertad del gremio period\u00edstico.<\/p><\/blockquote><\/figure>\n\n\n\n<p class=\"has-drop-cap\">El Presidente Municipal de Toluca, Ricardo Moreno, cumpli\u00f3 el compromiso de realizar un protocolo acorde a est\u00e1ndares internacionales para salvaguardar la vida, integridad y libertad del gremio period\u00edstico, luego de la realizaci\u00f3n de distintas mesas de di\u00e1logo y encuentros con dicho sector.<br><\/p>\n\n\n\n<p>En presencia del Secretario del Trabajo del Estado de M\u00e9xico, Norberto Morales, como testigo de honor, el alcalde Ricardo Moreno y Luis Miguel Carriedo, titular de la Coordinaci\u00f3n Ejecutiva del Mecanismo para la Protecci\u00f3n Integral de Periodistas y Personas Defensoras de los Derechos Humanos (CEMPIDH), firmaron un convenio de coordinaci\u00f3n interinstitucional en materia de protecci\u00f3n integral de periodistas y personas defensoras de los derechos humanos del Estado de M\u00e9xico.<br><\/p>\n\n\n\n<p>Moreno Bastida reiter\u00f3 que este esfuerzo surge en respuesta de la convicci\u00f3n del derecho de todos los periodistas a ejercer su profesi\u00f3n con plena libertad y garant\u00edas, por lo que este convenio busca a su vez redoblar esfuerzos de capacitaci\u00f3n a la polic\u00eda municipal en est\u00e1ndares nacionales e internacionales con perspectiva de g\u00e9nero y derechos humanos.<br><\/p>\n\n\n\n<p>El alcalde ofreci\u00f3 al gremio period\u00edstico de Toluca una disculpa por los eventos ocurridos el pasado 2 de octubre, protagonizados en parte por la polic\u00eda municipal y asegur\u00f3 la disposici\u00f3n del gobierno local por respetar la funci\u00f3n de las y los comunicadores.<br><\/p>\n\n\n\n<p>Asimismo, explic\u00f3 que despu\u00e9s de las reuniones a las que convoc\u00f3 la Defensor\u00eda Municipal de Derechos Humanos se realiz\u00f3 el protocolo y se entreg\u00f3 a efecto de que sea sometido a valoraci\u00f3n t\u00e9cnica-jur\u00eddica de la Coordinaci\u00f3n Ejecutiva del organismo para la Protecci\u00f3n Integral de Periodistas y Personas Defensoras de los Derechos Humanos, y en su caso, se emita la opini\u00f3n favorable correspondiente.<br><\/p>\n\n\n\n<p>Por su parte, Luis Miguel Carriedo, reconoci\u00f3 el valor social de contar con un protocolo sujeto a revisi\u00f3n que impide cualquier obst\u00e1culo que ponga en riesgo la libertad de expresi\u00f3n.<br><\/p>\n\n\n\n<p>En la firma de convenio estuvieron presentes el segundo visitador de la Comisi\u00f3n de Derechos Humanos, Miguel \u00c1ngel Cruz; la defensora municipal de Derechos Humanos de Toluca, Zulairam Arreola; el Fiscal Federico Salgado, as\u00ed como integrantes de la Junta de Gobierno del Consejo Consultivo del Mecanismo, de la Comisi\u00f3n de B\u00fasqueda de Personas, de la Comisi\u00f3n de V\u00edctimas y del Poder Judicial, entre otros.<\/p>\n","protected":false},"excerpt":{"rendered":"<p>-El convenio salvaguardar\u00e1 la vida, integridad y libertad del gremio period\u00edstico. El Presidente Municipal de Toluca, Ricardo Moreno, cumpli\u00f3 el compromiso de realizar un protocolo acorde a est\u00e1ndares internacionales para salvaguardar la vida, integridad y libertad del gremio period\u00edstico, luego de la realizaci\u00f3n de distintas mesas de di\u00e1logo y encuentros con dicho sector. En presencia [&hellip;]<\/p>\n","protected":false},"author":1,"featured_media":76765,"comment_status":"closed","ping_status":"closed","sticky":false,"template":"","format":"standard","meta":{"footnotes":""},"categories":[83,81],"tags":[],"class_list":["post-76761","post","type-post","status-publish","format-standard","has-post-thumbnail","hentry","category-destacado","category-nacional"],"_links":{"self":[{"href":"https:\/\/themexicopost.com\/index.php?rest_route=\/wp\/v2\/posts\/76761","targetHints":{"allow":["GET"]}}],"collection":[{"href":"https:\/\/themexicopost.com\/index.php?rest_route=\/wp\/v2\/posts"}],"about":[{"href":"https:\/\/themexicopost.com\/index.php?rest_route=\/wp\/v2\/types\/post"}],"author":[{"embeddable":true,"href":"https:\/\/themexicopost.com\/index.php?rest_route=\/wp\/v2\/users\/1"}],"replies":[{"embeddable":true,"href":"https:\/\/themexicopost.com\/index.php?rest_route=%2Fwp%2Fv2%2Fcomments&post=76761"}],"version-history":[{"count":1,"href":"https:\/\/themexicopost.com\/index.php?rest_route=\/wp\/v2\/posts\/76761\/revisions"}],"predecessor-version":[{"id":76766,"href":"https:\/\/themexicopost.com\/index.php?rest_route=\/wp\/v2\/posts\/76761\/revisions\/76766"}],"wp:featuredmedia":[{"embeddable":true,"href":"https:\/\/themexicopost.com\/index.php?rest_route=\/wp\/v2\/media\/76765"}],"wp:attachment":[{"href":"https:\/\/themexicopost.com\/index.php?rest_route=%2Fwp%2Fv2%2Fmedia&parent=76761"}],"wp:term":[{"taxonomy":"category","embeddable":true,"href":"https:\/\/themexicopost.com\/index.php?rest_route=%2Fwp%2Fv2%2Fcategories&post=76761"},{"taxonomy":"post_tag","embeddable":true,"href":"https:\/\/themexicopost.com\/index.php?rest_route=%2Fwp%2Fv2%2Ftags&post=76761"}],"curies":[{"name":"wp","href":"https:\/\/api.w.org\/{rel}","templated":true}]}}