{"id":76775,"date":"2026-02-19T07:53:23","date_gmt":"2026-02-19T13:53:23","guid":{"rendered":"https:\/\/themexicopost.com\/?p=76775"},"modified":"2026-02-19T07:53:25","modified_gmt":"2026-02-19T13:53:25","slug":"llega-el-rey-de-dinamarca-a-groenlandia-para-expresar-su-apoyo","status":"publish","type":"post","link":"https:\/\/themexicopost.com\/?p=76775","title":{"rendered":"Llega el rey de Dinamarca a Groenlandia para expresar su apoyo"},"content":{"rendered":"\n<figure class=\"wp-block-pullquote\"><blockquote><p>A pesar de un pasado colonial dif\u00edcil en este territorio aut\u00f3nomo, la monarqu\u00eda danesa goza de gran popularidad en Groenlandia.<\/p><\/blockquote><\/figure>\n\n\n\n<p class=\"has-drop-cap\">El rey Federico X de Dinamarca inici\u00f3 una simb\u00f3lica visita de tres d\u00edas a Groenlandia en medio de la crisis provocada por el inter\u00e9s de Estados Unidos en hacerse con ese territorio aut\u00f3nomo dan\u00e9s.<br><\/p>\n\n\n\n<p>&#8220;Estoy muy feliz de estar de vuelta en Groenlandia y encontrarme con los groenlandeses&#8221;, dijo Federico X despu\u00e9s de un almuerzo con las autoridades del territorio en Nuuk, la capital, seg\u00fan recogi\u00f3 la televisi\u00f3n p\u00fablica danesa DR.<br><\/p>\n\n\n\n<p>El presidente auton\u00f3mico groenland\u00e9s, Jens-Frederik Nielsen, y el presidente del Parlamento de la isla, Kim Kielsen, hab\u00edan recibido un par de horas antes al monarca en el aeropuerto de Nuuk y lo acompa\u00f1aron luego a la llamada Casa de Hans Egede, que las autoridades de la isla \u00e1rtica usan para recepciones oficiales.<br><\/p>\n\n\n\n<p>&#8220;El bienestar del pueblo groenland\u00e9s me interesa mucho. Siempre ha sido as\u00ed y siempre lo ser\u00e1&#8221;, dijo Federico X, que evit\u00f3 responder al ser preguntado por su opini\u00f3n sobre la presi\u00f3n a la que ha sido sometida Groenlandia en los \u00faltimos meses por el presidente estadounidense, Donald Trump.<br><\/p>\n\n\n\n<p>Federico X -que luc\u00eda en su cazadora una bandera danesa y otra groenlandesa- y Nielsen acudieron luego al instituto de ense\u00f1anza secundaria de Nuuk, el primer punto de un programa que incluye tambi\u00e9n una visita a la f\u00e1brica de la pesquera Royal Greenland, la principal empresa groenlandesa, y la sede del Comando \u00c1rtico de las Fuerzas Armadas danesas.<br><\/p>\n\n\n\n<p>El monarca tiene previsto tambi\u00e9n participar en la Casa de la Cultura de Nuuk en un acto abierto a la ciudadan\u00eda, antes de cerrar la jornada con una cena con las autoridades.<\/p>\n","protected":false},"excerpt":{"rendered":"<p>A pesar de un pasado colonial dif\u00edcil en este territorio aut\u00f3nomo, la monarqu\u00eda danesa goza de gran popularidad en Groenlandia. El rey Federico X de Dinamarca inici\u00f3 una simb\u00f3lica visita de tres d\u00edas a Groenlandia en medio de la crisis provocada por el inter\u00e9s de Estados Unidos en hacerse con ese territorio aut\u00f3nomo dan\u00e9s. &#8220;Estoy [&hellip;]<\/p>\n","protected":false},"author":1,"featured_media":76779,"comment_status":"closed","ping_status":"closed","sticky":false,"template":"","format":"standard","meta":{"footnotes":""},"categories":[80],"tags":[],"class_list":["post-76775","post","type-post","status-publish","format-standard","has-post-thumbnail","hentry","category-mundo"],"_links":{"self":[{"href":"https:\/\/themexicopost.com\/index.php?rest_route=\/wp\/v2\/posts\/76775","targetHints":{"allow":["GET"]}}],"collection":[{"href":"https:\/\/themexicopost.com\/index.php?rest_route=\/wp\/v2\/posts"}],"about":[{"href":"https:\/\/themexicopost.com\/index.php?rest_route=\/wp\/v2\/types\/post"}],"author":[{"embeddable":true,"href":"https:\/\/themexicopost.com\/index.php?rest_route=\/wp\/v2\/users\/1"}],"replies":[{"embeddable":true,"href":"https:\/\/themexicopost.com\/index.php?rest_route=%2Fwp%2Fv2%2Fcomments&post=76775"}],"version-history":[{"count":1,"href":"https:\/\/themexicopost.com\/index.php?rest_route=\/wp\/v2\/posts\/76775\/revisions"}],"predecessor-version":[{"id":76780,"href":"https:\/\/themexicopost.com\/index.php?rest_route=\/wp\/v2\/posts\/76775\/revisions\/76780"}],"wp:featuredmedia":[{"embeddable":true,"href":"https:\/\/themexicopost.com\/index.php?rest_route=\/wp\/v2\/media\/76779"}],"wp:attachment":[{"href":"https:\/\/themexicopost.com\/index.php?rest_route=%2Fwp%2Fv2%2Fmedia&parent=76775"}],"wp:term":[{"taxonomy":"category","embeddable":true,"href":"https:\/\/themexicopost.com\/index.php?rest_route=%2Fwp%2Fv2%2Fcategories&post=76775"},{"taxonomy":"post_tag","embeddable":true,"href":"https:\/\/themexicopost.com\/index.php?rest_route=%2Fwp%2Fv2%2Ftags&post=76775"}],"curies":[{"name":"wp","href":"https:\/\/api.w.org\/{rel}","templated":true}]}}