{"id":7683,"date":"2023-03-31T14:50:22","date_gmt":"2023-03-31T14:50:22","guid":{"rendered":"https:\/\/themexicopost.com\/?p=7683"},"modified":"2023-03-31T14:50:23","modified_gmt":"2023-03-31T14:50:23","slug":"padece-bronquitis-el-papa-francisco-pero-responde-bien-al-tratamiento","status":"publish","type":"post","link":"https:\/\/themexicopost.com\/?p=7683","title":{"rendered":"Padece bronquitis el Papa Francisco, pero responde bien al tratamiento"},"content":{"rendered":"\n<figure class=\"wp-block-pullquote\"><blockquote><p>Seg\u00fan la evoluci\u00f3n prevista, el sumo pont\u00edfice, de 86 a\u00f1os, \u201cpodr\u00eda ser dado de alta en los pr\u00f3ximos d\u00edas\u201d, a\u00f1adi\u00f3 el director de la sala de prensa vaticana, Matteo Bruni.<\/p><\/blockquote><\/figure>\n\n\n\n<p class=\"has-drop-cap wp-block-paragraph\">El papa Francisco, que se encuentra hospitalizado en Roma, sufre \u201cuna bronquitis\u201d de origen infecciosa y est\u00e1 reaccionando bien a un tratamiento de antibi\u00f3ticos, por lo que \u201cpodr\u00eda ser dado de alta en los pr\u00f3ximos d\u00edas\u201d, inform\u00f3 este jueves el Vaticano.<br><\/p>\n\n\n\n<p class=\"wp-block-paragraph\">\u201cDurante los controles cl\u00ednicos programados se diagnostic\u00f3 al Santo Padre una bronquitis de base infecciosa que requiri\u00f3 la administraci\u00f3n de terapia antibi\u00f3tica en infusi\u00f3n, que produjo los efectos esperados con una notable mejor\u00eda de su estado de salud\u201d, se indica en un breve comunicado.<br><\/p>\n\n\n\n<p class=\"wp-block-paragraph\">Seg\u00fan la evoluci\u00f3n prevista, Francisco, de 86 a\u00f1os, \u201cpodr\u00eda ser dado de alta en los pr\u00f3ximos d\u00edas\u201d, a\u00f1adi\u00f3 el director de la sala de prensa vaticana, Matteo Bruni.<br><\/p>\n\n\n\n<p class=\"wp-block-paragraph\">El portavoz precis\u00f3 que el pont\u00edfice pas\u00f3 la tarde \u201cdedic\u00e1ndose al reposo, a la oraci\u00f3n y a algunas tareas de trabajo\u201d, lo que hace pensar en una pronta recuperaci\u00f3n.<br><\/p>\n\n\n\n<p class=\"wp-block-paragraph\">Ya este mediod\u00eda, Bruni hab\u00eda se\u00f1alado que el estado de salud de Francisco estaba \u201cmejorando progresivamente\u201d y que prosegu\u00eda el tratamiento indicado, despu\u00e9s de que ayer fuera ingresado por una infecci\u00f3n respiratoria.<br><\/p>\n\n\n\n<p class=\"wp-block-paragraph\">Seg\u00fan los medios, Francisco fue sometido ayer a una TAC en el t\u00f3rax y a otras pruebas m\u00e9dicas, que descartaron la pulmon\u00eda, y su estado de salud ya no preocupaba tras los resultados.<br><\/p>\n\n\n\n<p class=\"wp-block-paragraph\">Por otra parte, seg\u00fan medio italianos, el papa no oficiar\u00e1 algunos de los ritos de la Semana Santa.<br><\/p>\n\n\n\n<p class=\"wp-block-paragraph\">La Santa Sede por el momento no ha confirmado ni especificado los planes para la Semana Santa del pont\u00edfice, ingresado desde este mi\u00e9rcoles en el hospital Gemelli de Roma, donde mejora y prosigue el tratamiento programado, seg\u00fan inform\u00f3 hoy el Vaticano.<br><\/p>\n\n\n\n<p class=\"wp-block-paragraph\">El cardenal italiano Leonardo Sandri, vicedecano del Colegio Cardenalicio, confirm\u00f3 hoy a Ansa que \u00e9l se encargar\u00e1 de oficiar la misa del Domingo de Ramos con la que se abrir\u00e1 la Semana Santa, aunque expres\u00f3 su esperanza de que el papa sea dado de alta y pueda presidirla.<br><\/p>\n\n\n\n<p class=\"wp-block-paragraph\">Mientras que el cardenal Giovanni Battista Re, decano del Colegio Cardenalicio, afirm\u00f3 a la agencia Agi que se pondr\u00e1 detr\u00e1s del altar en la misa del Domingo de Resurrecci\u00f3n el d\u00eda 9 de abril, aunque ya por entonces se prev\u00e9 la presencia de Francisco en la celebraci\u00f3n.<br><\/p>\n\n\n\n<p class=\"wp-block-paragraph\">El pont\u00edfice argentino, seg\u00fan lo previsto, s\u00ed que impartir\u00e1 ese mismo d\u00eda la tradicional bendici\u00f3n \u201cUrbi et Orbi\u201d desde la logia central de la bas\u00edlica.<br><\/p>\n\n\n\n<p class=\"wp-block-paragraph\">El Vaticano, de acuerdo a las mismas fuentes, est\u00e1 preparando un programa para sustituir a Francisco en las misas y ritos de la semana m\u00e1s importante del calendario lit\u00fargico, en la que se conmemora la muerte y resurrecci\u00f3n de Jes\u00fas de Nazaret.<br><\/p>\n\n\n\n<p class=\"wp-block-paragraph\">Otros nombres que se barajan son el del purpurado y vicario de Roma, Angelo De Donatis, que se encargar\u00e1 de la misa crismal de Jueves Santo, que abre el conocido como Triduo Pascual.<br><\/p>\n\n\n\n<p class=\"wp-block-paragraph\">Queda por saber si asistir\u00e1 a la celebraci\u00f3n de la Pasi\u00f3n del Se\u00f1or del Viernes Santo, cuando se recuerda el martirio de Cristo, o el mismo d\u00eda al V\u00eda Crucis en el Coliseo Romano, o quien oficiar\u00e1 la larga y solemne misa de la Vigilia Pascual del s\u00e1bado.<\/p>\n","protected":false},"excerpt":{"rendered":"<p>Seg\u00fan la evoluci\u00f3n prevista, el sumo pont\u00edfice, de 86 a\u00f1os, \u201cpodr\u00eda ser dado de alta en los pr\u00f3ximos d\u00edas\u201d, a\u00f1adi\u00f3 el director de la sala de prensa vaticana, Matteo Bruni. El papa Francisco, que se encuentra hospitalizado en Roma, sufre \u201cuna bronquitis\u201d de origen infecciosa y est\u00e1 reaccionando bien a un tratamiento de antibi\u00f3ticos, por [&hellip;]<\/p>\n","protected":false},"author":1,"featured_media":7684,"comment_status":"closed","ping_status":"closed","sticky":false,"template":"","format":"standard","meta":{"footnotes":""},"categories":[83,80],"tags":[],"class_list":["post-7683","post","type-post","status-publish","format-standard","has-post-thumbnail","hentry","category-destacado","category-mundo"],"_links":{"self":[{"href":"https:\/\/themexicopost.com\/index.php?rest_route=\/wp\/v2\/posts\/7683","targetHints":{"allow":["GET"]}}],"collection":[{"href":"https:\/\/themexicopost.com\/index.php?rest_route=\/wp\/v2\/posts"}],"about":[{"href":"https:\/\/themexicopost.com\/index.php?rest_route=\/wp\/v2\/types\/post"}],"author":[{"embeddable":true,"href":"https:\/\/themexicopost.com\/index.php?rest_route=\/wp\/v2\/users\/1"}],"replies":[{"embeddable":true,"href":"https:\/\/themexicopost.com\/index.php?rest_route=%2Fwp%2Fv2%2Fcomments&post=7683"}],"version-history":[{"count":1,"href":"https:\/\/themexicopost.com\/index.php?rest_route=\/wp\/v2\/posts\/7683\/revisions"}],"predecessor-version":[{"id":7685,"href":"https:\/\/themexicopost.com\/index.php?rest_route=\/wp\/v2\/posts\/7683\/revisions\/7685"}],"wp:featuredmedia":[{"embeddable":true,"href":"https:\/\/themexicopost.com\/index.php?rest_route=\/wp\/v2\/media\/7684"}],"wp:attachment":[{"href":"https:\/\/themexicopost.com\/index.php?rest_route=%2Fwp%2Fv2%2Fmedia&parent=7683"}],"wp:term":[{"taxonomy":"category","embeddable":true,"href":"https:\/\/themexicopost.com\/index.php?rest_route=%2Fwp%2Fv2%2Fcategories&post=7683"},{"taxonomy":"post_tag","embeddable":true,"href":"https:\/\/themexicopost.com\/index.php?rest_route=%2Fwp%2Fv2%2Ftags&post=7683"}],"curies":[{"name":"wp","href":"https:\/\/api.w.org\/{rel}","templated":true}]}}