{"id":7686,"date":"2023-03-31T14:54:04","date_gmt":"2023-03-31T14:54:04","guid":{"rendered":"https:\/\/themexicopost.com\/?p=7686"},"modified":"2023-03-31T14:54:05","modified_gmt":"2023-03-31T14:54:05","slug":"le-atan-a-guardia-de-seguridad-en-ecuador-artefacto-explosivo","status":"publish","type":"post","link":"https:\/\/themexicopost.com\/?p=7686","title":{"rendered":"Le atan a guardia de seguridad en Ecuador artefacto explosivo"},"content":{"rendered":"\n<figure class=\"wp-block-pullquote\"><blockquote><p>M\u00e1s de dos horas despu\u00e9s de presentada la emergencia, la Polic\u00eda indic\u00f3 que el ciudadano fue liberado del objeto.<\/p><\/blockquote><\/figure>\n\n\n\n<p class=\"has-drop-cap wp-block-paragraph\">Un artefacto explosivo fue atado a un guardia de seguridad que custodia un local en la ciudad ecuatoriana de Guayaquil la ma\u00f1ana de este jueves.<br><\/p>\n\n\n\n<p class=\"wp-block-paragraph\">En las redes sociales circularon fotos y videos en los que se ve al hombre con el objeto alrededor de su cuerpo, caminando frente a una joyer\u00eda, ubicada en el sector Sauces 9, al norte de la urbe.<br><\/p>\n\n\n\n<p class=\"wp-block-paragraph\">Preliminarmente se inform\u00f3 que el artefacto habr\u00eda sido colocado por presuntos extorsionadores, que operan bajo la modalidad de &#8220;vacunas&#8221; (cobro extorsivo de dinero a cambio de garantizar seguridad), rese\u00f1\u00f3 El Universo.<br><\/p>\n\n\n\n<p class=\"wp-block-paragraph\">La Polic\u00eda Nacional del Ecuador notific\u00f3 que unidades especializadas de esa fuerza del orden, como el Grupo de Intervenci\u00f3n y Rescate (GIR), acudieron al lugar a fin de verificar y retirar el objeto del cuerpo del vigilante.<br><\/p>\n\n\n\n<p class=\"wp-block-paragraph\">M\u00e1s de dos horas despu\u00e9s de presentada la emergencia, la Polic\u00eda indic\u00f3 que el ciudadano fue liberado del artefacto y trasladado a un centro de salud a bordo de una ambulancia, para verificar su estado de salud y ser interrogado sobre el hecho.<br><\/p>\n\n\n\n<p class=\"wp-block-paragraph\">Willian Villarroel Trujillo, comandante de la Zona 8 de la Polic\u00eda Nacional, detall\u00f3 que el ciudadano ten\u00eda los explosivos en alrededor de su abdomen y espalda, adem\u00e1s de las piernas.<br><\/p>\n\n\n\n<p class=\"wp-block-paragraph\">&#8220;Estamos en la b\u00fasqueda de las personas que provocaron este incidente&#8221;, a\u00f1adi\u00f3 el comandante policial.<br><\/p>\n\n\n\n<p class=\"wp-block-paragraph\">Por su parte, el gobernador de la provincia de Guayas, Francesco Tabacchi Rend\u00f3n, coment\u00f3 que &#8220;la bomba est\u00e1 ya en manos de los se\u00f1ores de la Polic\u00eda Nacional, est\u00e1 ya aislada&#8221;, para llevar a cabo la explosi\u00f3n controlada.<br><\/p>\n\n\n\n<p class=\"wp-block-paragraph\">Por orden de la Polic\u00eda, el tr\u00e1nsito vehicular estuvo suspendido en las zonas cercanas al lugar donde ocurri\u00f3 este hecho por varias horas, inform\u00f3 la Autoridad de Tr\u00e1nsito Municipal (ATM) de Guayaquil.<br><\/p>\n\n\n\n<p class=\"wp-block-paragraph\">Guayaquil, capital de la provincia de Guayas, en la regi\u00f3n Costa de Ecuador, pas\u00f3 del puesto 50 en 2021 al 24 en 2022 en el &#8216;ranking&#8217; de las ciudades m\u00e1s violentas del mundo, publicado en febrero pasado por el Consejo Ciudadano para la Seguridad P\u00fablica y la Justicia Penal de M\u00e9xico.<\/p>\n","protected":false},"excerpt":{"rendered":"<p>M\u00e1s de dos horas despu\u00e9s de presentada la emergencia, la Polic\u00eda indic\u00f3 que el ciudadano fue liberado del objeto. Un artefacto explosivo fue atado a un guardia de seguridad que custodia un local en la ciudad ecuatoriana de Guayaquil la ma\u00f1ana de este jueves. En las redes sociales circularon fotos y videos en los que [&hellip;]<\/p>\n","protected":false},"author":1,"featured_media":7687,"comment_status":"closed","ping_status":"closed","sticky":false,"template":"","format":"standard","meta":{"footnotes":""},"categories":[83,80],"tags":[],"class_list":["post-7686","post","type-post","status-publish","format-standard","has-post-thumbnail","hentry","category-destacado","category-mundo"],"_links":{"self":[{"href":"https:\/\/themexicopost.com\/index.php?rest_route=\/wp\/v2\/posts\/7686","targetHints":{"allow":["GET"]}}],"collection":[{"href":"https:\/\/themexicopost.com\/index.php?rest_route=\/wp\/v2\/posts"}],"about":[{"href":"https:\/\/themexicopost.com\/index.php?rest_route=\/wp\/v2\/types\/post"}],"author":[{"embeddable":true,"href":"https:\/\/themexicopost.com\/index.php?rest_route=\/wp\/v2\/users\/1"}],"replies":[{"embeddable":true,"href":"https:\/\/themexicopost.com\/index.php?rest_route=%2Fwp%2Fv2%2Fcomments&post=7686"}],"version-history":[{"count":1,"href":"https:\/\/themexicopost.com\/index.php?rest_route=\/wp\/v2\/posts\/7686\/revisions"}],"predecessor-version":[{"id":7688,"href":"https:\/\/themexicopost.com\/index.php?rest_route=\/wp\/v2\/posts\/7686\/revisions\/7688"}],"wp:featuredmedia":[{"embeddable":true,"href":"https:\/\/themexicopost.com\/index.php?rest_route=\/wp\/v2\/media\/7687"}],"wp:attachment":[{"href":"https:\/\/themexicopost.com\/index.php?rest_route=%2Fwp%2Fv2%2Fmedia&parent=7686"}],"wp:term":[{"taxonomy":"category","embeddable":true,"href":"https:\/\/themexicopost.com\/index.php?rest_route=%2Fwp%2Fv2%2Fcategories&post=7686"},{"taxonomy":"post_tag","embeddable":true,"href":"https:\/\/themexicopost.com\/index.php?rest_route=%2Fwp%2Fv2%2Ftags&post=7686"}],"curies":[{"name":"wp","href":"https:\/\/api.w.org\/{rel}","templated":true}]}}