{"id":7705,"date":"2023-03-31T15:55:49","date_gmt":"2023-03-31T15:55:49","guid":{"rendered":"https:\/\/themexicopost.com\/?p=7705"},"modified":"2023-03-31T15:55:50","modified_gmt":"2023-03-31T15:55:50","slug":"insta-unesco-a-implementar-el-marco-etico-mundial-sobre-la-inteligencia-artificial-de-forma-global","status":"publish","type":"post","link":"https:\/\/themexicopost.com\/?p=7705","title":{"rendered":"Insta Unesco a implementar el Marco \u00c9tico Mundial sobre la Inteligencia Artificial de forma global"},"content":{"rendered":"\n<figure class=\"wp-block-pullquote\"><blockquote><p>\u201cEl mundo necesita normas \u00e9ticas m\u00e1s estrictas para la IA: este es el gran reto de nuestro tiempo\u201d, advirti\u00f3 Audrey Azoulay, directora general de la entidad.<\/p><\/blockquote><\/figure>\n\n\n\n<p class=\"has-drop-cap wp-block-paragraph\">La Unesco pidi\u00f3 este jueves a los pa\u00edses que apliquen \u201csin demora\u201d el Marco \u00c9tico Mundial sobre la inteligencia artificial, adoptado en 2021 de forma un\u00e1nime por los 193 Estados miembros del organismo.<br><\/p>\n\n\n\n<p class=\"wp-block-paragraph\">Esta petici\u00f3n llega un d\u00eda despu\u00e9s del llamamiento que m\u00e1s de un millar de cient\u00edficos y expertos en tecnolog\u00eda hicieron para que se haga una pausa en el desarrollo de los sistemas de inteligencia artificial (IA).<br><\/p>\n\n\n\n<p class=\"wp-block-paragraph\">\u201cEl mundo necesita normas \u00e9ticas m\u00e1s estrictas para la inteligencia artificial: este es el gran reto de nuestro tiempo. La Recomendaci\u00f3n de la Unesco sobre la \u00c9tica de la IA establece el marco normativo apropiado\u201d, se\u00f1al\u00f3 en un comunicado Audrey Azoulay, directora general de la Organizaci\u00f3n de Naciones Unidas para la Educaci\u00f3n, la Ciencia y la Cultura (Unesco).<br><\/p>\n\n\n\n<p class=\"wp-block-paragraph\">\u201cEs hora de aplicar las estrategias y normativas a nivel nacional. Tenemos que predicar con el ejemplo\u201d, urgi\u00f3.<br><\/p>\n\n\n\n<figure class=\"wp-block-image size-large\"><img fetchpriority=\"high\" decoding=\"async\" width=\"1024\" height=\"683\" src=\"https:\/\/themexicopost.com\/wp-content\/uploads\/2023\/03\/insta-2-1024x683.jpg\" alt=\"\" class=\"wp-image-7707\" srcset=\"https:\/\/themexicopost.com\/wp-content\/uploads\/2023\/03\/insta-2-1024x683.jpg 1024w, https:\/\/themexicopost.com\/wp-content\/uploads\/2023\/03\/insta-2-300x200.jpg 300w, https:\/\/themexicopost.com\/wp-content\/uploads\/2023\/03\/insta-2-768x512.jpg 768w, https:\/\/themexicopost.com\/wp-content\/uploads\/2023\/03\/insta-2-330x220.jpg 330w, https:\/\/themexicopost.com\/wp-content\/uploads\/2023\/03\/insta-2-420x280.jpg 420w, https:\/\/themexicopost.com\/wp-content\/uploads\/2023\/03\/insta-2-615x410.jpg 615w, https:\/\/themexicopost.com\/wp-content\/uploads\/2023\/03\/insta-2-860x573.jpg 860w, https:\/\/themexicopost.com\/wp-content\/uploads\/2023\/03\/insta-2.jpg 1200w\" sizes=\"(max-width: 1024px) 100vw, 1024px\" \/><\/figure>\n\n\n\n<p class=\"wp-block-paragraph\">El marco, aprobado por la Asamblea General de la Unesco en noviembre de 2021, busca \u201cgarantizar la transparencia y la accesibilidad\u201d de los algoritmos sobre los que se basan estas tecnolog\u00edas.<br><\/p>\n\n\n\n<p class=\"wp-block-paragraph\">\u201cEl mundo necesita normas \u00e9ticas m\u00e1s estrictas para la inteligencia artificial: este es el gran reto de nuestro tiempo. La Recomendaci\u00f3n de la Unesco sobre la \u00c9tica de la IA establece el marco normativo apropiado\u201d, se\u00f1al\u00f3 en un comunicado Audrey Azoulay, directora general de la Organizaci\u00f3n de Naciones Unidas para la Educaci\u00f3n, la Ciencia y la Cultura (Unesco).<br><\/p>\n\n\n\n<p class=\"wp-block-paragraph\">\u201cEs hora de aplicar las estrategias y normativas a nivel nacional. Tenemos que predicar con el ejemplo\u201d, urgi\u00f3.<br><\/p>\n\n\n\n<p class=\"wp-block-paragraph\">El marco, aprobado por la Asamblea General de la Unesco en noviembre de 2021, busca \u201cgarantizar la transparencia y la accesibilidad\u201d de los algoritmos sobre los que se basan estas tecnolog\u00edas.<\/p>\n","protected":false},"excerpt":{"rendered":"<p>\u201cEl mundo necesita normas \u00e9ticas m\u00e1s estrictas para la IA: este es el gran reto de nuestro tiempo\u201d, advirti\u00f3 Audrey Azoulay, directora general de la entidad. La Unesco pidi\u00f3 este jueves a los pa\u00edses que apliquen \u201csin demora\u201d el Marco \u00c9tico Mundial sobre la inteligencia artificial, adoptado en 2021 de forma un\u00e1nime por los 193 [&hellip;]<\/p>\n","protected":false},"author":1,"featured_media":7706,"comment_status":"closed","ping_status":"closed","sticky":false,"template":"","format":"standard","meta":{"footnotes":""},"categories":[80],"tags":[],"class_list":["post-7705","post","type-post","status-publish","format-standard","has-post-thumbnail","hentry","category-mundo"],"_links":{"self":[{"href":"https:\/\/themexicopost.com\/index.php?rest_route=\/wp\/v2\/posts\/7705","targetHints":{"allow":["GET"]}}],"collection":[{"href":"https:\/\/themexicopost.com\/index.php?rest_route=\/wp\/v2\/posts"}],"about":[{"href":"https:\/\/themexicopost.com\/index.php?rest_route=\/wp\/v2\/types\/post"}],"author":[{"embeddable":true,"href":"https:\/\/themexicopost.com\/index.php?rest_route=\/wp\/v2\/users\/1"}],"replies":[{"embeddable":true,"href":"https:\/\/themexicopost.com\/index.php?rest_route=%2Fwp%2Fv2%2Fcomments&post=7705"}],"version-history":[{"count":1,"href":"https:\/\/themexicopost.com\/index.php?rest_route=\/wp\/v2\/posts\/7705\/revisions"}],"predecessor-version":[{"id":7708,"href":"https:\/\/themexicopost.com\/index.php?rest_route=\/wp\/v2\/posts\/7705\/revisions\/7708"}],"wp:featuredmedia":[{"embeddable":true,"href":"https:\/\/themexicopost.com\/index.php?rest_route=\/wp\/v2\/media\/7706"}],"wp:attachment":[{"href":"https:\/\/themexicopost.com\/index.php?rest_route=%2Fwp%2Fv2%2Fmedia&parent=7705"}],"wp:term":[{"taxonomy":"category","embeddable":true,"href":"https:\/\/themexicopost.com\/index.php?rest_route=%2Fwp%2Fv2%2Fcategories&post=7705"},{"taxonomy":"post_tag","embeddable":true,"href":"https:\/\/themexicopost.com\/index.php?rest_route=%2Fwp%2Fv2%2Ftags&post=7705"}],"curies":[{"name":"wp","href":"https:\/\/api.w.org\/{rel}","templated":true}]}}