{"id":77051,"date":"2026-02-24T08:22:40","date_gmt":"2026-02-24T14:22:40","guid":{"rendered":"https:\/\/themexicopost.com\/?p=77051"},"modified":"2026-02-24T08:22:44","modified_gmt":"2026-02-24T14:22:44","slug":"condenan-a-59-pandilleros-en-el-salvador-a-597-anos-en-prision","status":"publish","type":"post","link":"https:\/\/themexicopost.com\/?p=77051","title":{"rendered":"Condenan a 59 pandilleros en El Salvador a 597 a\u00f1os en prisi\u00f3n"},"content":{"rendered":"\n<figure class=\"wp-block-pullquote\"><blockquote><p>-La Fiscal\u00eda no precis\u00f3 si el caso se tramit\u00f3 bajo el modelo de audiencia \u00fanica abierta, que permite realizar juicios masivos contra presuntos pandilleros.<\/p><\/blockquote><\/figure>\n\n\n\n<p class=\"has-drop-cap\">Un grupo de 59 personas identificadas como pandilleros del &#8220;Barrio 18&#8221;, facci\u00f3n Revolucionarios, recibi\u00f3 condenas individuales de hasta 597 a\u00f1os de prisi\u00f3n por delitos cometidos entre 2018 y 2021 en San Salvador, incluidos homicidios y tr\u00e1fico de personas, inform\u00f3 la Fiscal\u00eda General de la Rep\u00fablica (FGR).<br><\/p>\n\n\n\n<p>La Fiscal\u00eda no precis\u00f3 si el caso se tramit\u00f3 bajo el modelo de audiencia \u00fanica abierta, que permite realizar juicios masivos contra presuntos pandilleros.<br><\/p>\n\n\n\n<p>Seg\u00fan la Fiscal\u00eda, cada acusado recibi\u00f3 una condena de acuerdo con su grado de participaci\u00f3n por delitos como agrupaciones il\u00edcitas, extorsi\u00f3n agravada, tr\u00e1fico de personas y al menos ocho homicidios agravados.<br><\/p>\n\n\n\n<p>La instituci\u00f3n indic\u00f3 que dentro del proceso se incluyeron casos como el asesinato con ensa\u00f1amiento de dos mujeres, ocurridos en 2018 y 2019, se\u00f1al\u00f3 la FGR, y agreg\u00f3 que la estructura captaba v\u00edctimas a quienes ofrec\u00eda trasladarlas hacia los Estados Unidos, exigi\u00e9ndoles montos que rondaban los 10.000 y 13.000 d\u00f3lares.<br><\/p>\n\n\n\n<p>Entre las penas m\u00e1s altas figuran los 597 a\u00f1os impuestos a Mario Josu\u00e9 Anzora Ram\u00edrez por seis homicidios agravados y los 415 a\u00f1os dictados contra Denis Ra\u00fal Mart\u00ednez Arias por cinco homicidios y otros cargos.<br><\/p>\n\n\n\n<p>Los dem\u00e1s procesados recibieron diferentes condenas, de acuerdo a su grado de participaci\u00f3n en los delitos ya mencionados. De los 59 imputados, 8 se encuentran en condici\u00f3n de rebeld\u00eda, a\u00f1adi\u00f3 la FGR. Las sentencias las emiti\u00f3 el Tribunal Quinto Contra el Crimen Organizado de San Salvador.<br><\/p>\n\n\n\n<p>El Salvador permite desde 2023 realizar juicios masivos para juzgar a supuestos pandilleros en el marco del r\u00e9gimen de excepci\u00f3n impulsado por el presidente salvadore\u00f1o, Nayib Bukele, una herramienta criticada por organizaciones de derechos humanos y de familiares de los acusados.<br><\/p>\n\n\n\n<p>El pol\u00e9mico r\u00e9gimen de excepci\u00f3n, se\u00f1alado de violentar derechos humanos, en la principal apuesta del Gobierno contra las pandillas y le supuso al presidente Bukele, quien mantiene alta aprobaci\u00f3n entre los salvadore\u00f1os, su reelecci\u00f3n inmediata para un segundo mandato, pese a la prohibici\u00f3n constitucional.<\/p>\n","protected":false},"excerpt":{"rendered":"<p>-La Fiscal\u00eda no precis\u00f3 si el caso se tramit\u00f3 bajo el modelo de audiencia \u00fanica abierta, que permite realizar juicios masivos contra presuntos pandilleros. Un grupo de 59 personas identificadas como pandilleros del &#8220;Barrio 18&#8221;, facci\u00f3n Revolucionarios, recibi\u00f3 condenas individuales de hasta 597 a\u00f1os de prisi\u00f3n por delitos cometidos entre 2018 y 2021 en San [&hellip;]<\/p>\n","protected":false},"author":1,"featured_media":77055,"comment_status":"closed","ping_status":"closed","sticky":false,"template":"","format":"standard","meta":{"footnotes":""},"categories":[83,80],"tags":[],"class_list":["post-77051","post","type-post","status-publish","format-standard","has-post-thumbnail","hentry","category-destacado","category-mundo"],"_links":{"self":[{"href":"https:\/\/themexicopost.com\/index.php?rest_route=\/wp\/v2\/posts\/77051","targetHints":{"allow":["GET"]}}],"collection":[{"href":"https:\/\/themexicopost.com\/index.php?rest_route=\/wp\/v2\/posts"}],"about":[{"href":"https:\/\/themexicopost.com\/index.php?rest_route=\/wp\/v2\/types\/post"}],"author":[{"embeddable":true,"href":"https:\/\/themexicopost.com\/index.php?rest_route=\/wp\/v2\/users\/1"}],"replies":[{"embeddable":true,"href":"https:\/\/themexicopost.com\/index.php?rest_route=%2Fwp%2Fv2%2Fcomments&post=77051"}],"version-history":[{"count":1,"href":"https:\/\/themexicopost.com\/index.php?rest_route=\/wp\/v2\/posts\/77051\/revisions"}],"predecessor-version":[{"id":77056,"href":"https:\/\/themexicopost.com\/index.php?rest_route=\/wp\/v2\/posts\/77051\/revisions\/77056"}],"wp:featuredmedia":[{"embeddable":true,"href":"https:\/\/themexicopost.com\/index.php?rest_route=\/wp\/v2\/media\/77055"}],"wp:attachment":[{"href":"https:\/\/themexicopost.com\/index.php?rest_route=%2Fwp%2Fv2%2Fmedia&parent=77051"}],"wp:term":[{"taxonomy":"category","embeddable":true,"href":"https:\/\/themexicopost.com\/index.php?rest_route=%2Fwp%2Fv2%2Fcategories&post=77051"},{"taxonomy":"post_tag","embeddable":true,"href":"https:\/\/themexicopost.com\/index.php?rest_route=%2Fwp%2Fv2%2Ftags&post=77051"}],"curies":[{"name":"wp","href":"https:\/\/api.w.org\/{rel}","templated":true}]}}