{"id":77069,"date":"2026-02-24T08:32:11","date_gmt":"2026-02-24T14:32:11","guid":{"rendered":"https:\/\/themexicopost.com\/?p=77069"},"modified":"2026-02-24T08:32:17","modified_gmt":"2026-02-24T14:32:17","slug":"mark-carney-viajara-a-india-australia-y-japon-para-reforzar-las-relaciones-economicas","status":"publish","type":"post","link":"https:\/\/themexicopost.com\/?p=77069","title":{"rendered":"Mark Carney viajar\u00e1 a India, Australia y Jap\u00f3n para reforzar las relaciones econ\u00f3micas"},"content":{"rendered":"\n<figure class=\"wp-block-pullquote\"><blockquote><p>-Se\u00f1al\u00f3 en un comunicado que Canad\u00e1 est\u00e1 concentrado en lo que puede controlar.<\/p><\/blockquote><\/figure>\n\n\n\n<p class=\"has-drop-cap\">El primer ministro de Canad\u00e1, Mark Carney, viajar\u00e1 del 26 de febrero al 7 de marzo a India, Australia y Jap\u00f3n para profundizar las relaciones comerciales y pol\u00edticas con los tres pa\u00edses del Indo-Pac\u00edfico.<br><\/p>\n\n\n\n<p>La visita se enmarca en el impulso que Carney est\u00e1 dando a la apertura de la econom\u00eda canadiense a nuevos socios para reducir la dependencia que tiene el pa\u00eds norteamericano de Estados Unidos ante las nuevas pol\u00edticas comerciales de la Administraci\u00f3n del presidente Donald Trump.<br><\/p>\n\n\n\n<p>El viaje a India supone tambi\u00e9n la consolidaci\u00f3n de la normalizaci\u00f3n de las relaciones entre los dos pa\u00edses que hab\u00edan sufrido una grave crisis desde que en septiembre de 2023 el entonces primer ministro canadiense, Justin Trudeau, acus\u00f3 a las autoridades indias de estar relacionadas con el asesinato en Canad\u00e1 de un ciudadano canadiense de origen indio, el disidente Hardeep Singh Nijjar.<br><\/p>\n\n\n\n<p>Tras la acusaci\u00f3n de Trudeau, India tom\u00f3 medidas contra Canad\u00e1 y en octubre de 2024 Ottawa decidi\u00f3 expulsar del pa\u00eds al embajador indio, Sanjay Kumar Verma, y a otros cinco diplom\u00e1ticos indios despu\u00e9s de que la Polic\u00eda Montada de Canad\u00e1 los acusara de estar vinculados a una campa\u00f1a de asesinatos y otros actos de violencia en el pa\u00eds norteamericano.<br><\/p>\n\n\n\n<p>Adem\u00e1s, con la llegada al poder de Carney a principios de 2025, en sustituci\u00f3n de Trudeau, y las amenazas de Trump a la econom\u00eda y soberan\u00eda canadienses, Ottawa empez\u00f3 a aplicar una pol\u00edtica de aproximaci\u00f3n a las autoridades de Nueva Delhi.<br><\/p>\n\n\n\n<p>Carney se\u00f1al\u00f3 en un comunicado al anunciar su gira que, en un mundo m\u00e1s incierto, Canad\u00e1 est\u00e1 concentrado en lo que puede controlar.<br><\/p>\n\n\n\n<p>&#8220;Estamos diversificando nuestro comercio y atrayendo nuevas inversiones masivas para crear oportunidades para nuestros trabajadores y empresas. Estamos forjando nuevas asociaciones para crear mayor certidumbre, seguridad y prosperidad en el pa\u00eds&#8221;, a\u00f1adi\u00f3.<br><\/p>\n\n\n\n<p>En India, Carney visitar\u00e1 primero Mumbai y posteriormente Nueva Delhi, donde se reunir\u00e1 con el primer ministro del pa\u00eds, Narendra Modi, con quien tratar\u00e1 la ampliaci\u00f3n de las relaciones bilaterales con nuevas asociaciones ambiciosas en comercio, energ\u00eda, tecnolog\u00eda e inteligencia artificial, cultura y defensa.<br><\/p>\n\n\n\n<p>Por otra parte, tras visitar India, Carney se desplazar\u00e1 a S\u00eddney y Canberra para reunirse con el primer ministro australiano, Anthony Albanese, con el objetivo de profundizar en la cooperaci\u00f3n en defensa y seguridad mar\u00edtima, minerales cr\u00edticos, comercio y tecnolog\u00edas avanzadas.<br><\/p>\n\n\n\n<p>Mientras que la \u00faltima parte de la gira se iniciar\u00e1 en Tokio donde Carney tratar\u00e1 con la primera ministra japonesa Sanae Takaichi, inversiones y asociaciones en energ\u00edas limpias, manufactura avanzada, minerales cr\u00edticos y seguridad alimentaria.<\/p>\n","protected":false},"excerpt":{"rendered":"<p>-Se\u00f1al\u00f3 en un comunicado que Canad\u00e1 est\u00e1 concentrado en lo que puede controlar. El primer ministro de Canad\u00e1, Mark Carney, viajar\u00e1 del 26 de febrero al 7 de marzo a India, Australia y Jap\u00f3n para profundizar las relaciones comerciales y pol\u00edticas con los tres pa\u00edses del Indo-Pac\u00edfico. La visita se enmarca en el impulso que [&hellip;]<\/p>\n","protected":false},"author":1,"featured_media":77074,"comment_status":"closed","ping_status":"closed","sticky":false,"template":"","format":"standard","meta":{"footnotes":""},"categories":[83,80],"tags":[],"class_list":["post-77069","post","type-post","status-publish","format-standard","has-post-thumbnail","hentry","category-destacado","category-mundo"],"_links":{"self":[{"href":"https:\/\/themexicopost.com\/index.php?rest_route=\/wp\/v2\/posts\/77069","targetHints":{"allow":["GET"]}}],"collection":[{"href":"https:\/\/themexicopost.com\/index.php?rest_route=\/wp\/v2\/posts"}],"about":[{"href":"https:\/\/themexicopost.com\/index.php?rest_route=\/wp\/v2\/types\/post"}],"author":[{"embeddable":true,"href":"https:\/\/themexicopost.com\/index.php?rest_route=\/wp\/v2\/users\/1"}],"replies":[{"embeddable":true,"href":"https:\/\/themexicopost.com\/index.php?rest_route=%2Fwp%2Fv2%2Fcomments&post=77069"}],"version-history":[{"count":1,"href":"https:\/\/themexicopost.com\/index.php?rest_route=\/wp\/v2\/posts\/77069\/revisions"}],"predecessor-version":[{"id":77075,"href":"https:\/\/themexicopost.com\/index.php?rest_route=\/wp\/v2\/posts\/77069\/revisions\/77075"}],"wp:featuredmedia":[{"embeddable":true,"href":"https:\/\/themexicopost.com\/index.php?rest_route=\/wp\/v2\/media\/77074"}],"wp:attachment":[{"href":"https:\/\/themexicopost.com\/index.php?rest_route=%2Fwp%2Fv2%2Fmedia&parent=77069"}],"wp:term":[{"taxonomy":"category","embeddable":true,"href":"https:\/\/themexicopost.com\/index.php?rest_route=%2Fwp%2Fv2%2Fcategories&post=77069"},{"taxonomy":"post_tag","embeddable":true,"href":"https:\/\/themexicopost.com\/index.php?rest_route=%2Fwp%2Fv2%2Ftags&post=77069"}],"curies":[{"name":"wp","href":"https:\/\/api.w.org\/{rel}","templated":true}]}}