{"id":7709,"date":"2023-03-31T15:57:38","date_gmt":"2023-03-31T15:57:38","guid":{"rendered":"https:\/\/themexicopost.com\/?p=7709"},"modified":"2023-03-31T15:57:39","modified_gmt":"2023-03-31T15:57:39","slug":"irrumpen-policias-con-ametralladoras-en-territorio-del-monasterio-de-las-cuevas-de-kiev","status":"publish","type":"post","link":"https:\/\/themexicopost.com\/?p=7709","title":{"rendered":"Irrumpen polic\u00edas con ametralladoras en territorio del Monasterio de las Cuevas de Kiev"},"content":{"rendered":"\n<figure class=\"wp-block-pullquote\"><blockquote><p>La escalada de tensiones en torno al convento se agudiz\u00f3 este mi\u00e9rcoles, fecha l\u00edmite del ultim\u00e1tum establecido por las autoridades para que los monjes abandonaran el monasterio.<\/p><\/blockquote><\/figure>\n\n\n\n<p class=\"has-drop-cap wp-block-paragraph\">Polic\u00edas ucranianos con ametralladoras han entrado este jueves en el territorio del Monasterio de las Cuevas de Kiev despu\u00e9s de que la comisi\u00f3n del inventario de bienes para la transferencia al Estado de las propiedades de la Lavra abandonara el recinto, inform\u00f3 la Iglesia ortodoxa ucraniana, considerada como parte aut\u00f3noma del Patriarcado de Mosc\u00fa.<br><\/p>\n\n\n\n<p class=\"wp-block-paragraph\">Polic\u00edas ucranianos con ametralladoras han entrado este jueves en el territorio del Monasterio de las Cuevas de Kiev despu\u00e9s de que la comisi\u00f3n del inventario de bienes para la transferencia al Estado de las propiedades de la Lavra abandonara el recinto, inform\u00f3 la Iglesia ortodoxa ucraniana, considerada como parte aut\u00f3noma del Patriarcado de Mosc\u00fa.<\/p>\n\n\n\n<figure class=\"wp-block-image size-large\"><img fetchpriority=\"high\" decoding=\"async\" width=\"1024\" height=\"683\" src=\"https:\/\/themexicopost.com\/wp-content\/uploads\/2023\/03\/irrumpen-2-1024x683.jpg\" alt=\"\" class=\"wp-image-7711\" srcset=\"https:\/\/themexicopost.com\/wp-content\/uploads\/2023\/03\/irrumpen-2-1024x683.jpg 1024w, https:\/\/themexicopost.com\/wp-content\/uploads\/2023\/03\/irrumpen-2-300x200.jpg 300w, https:\/\/themexicopost.com\/wp-content\/uploads\/2023\/03\/irrumpen-2-768x512.jpg 768w, https:\/\/themexicopost.com\/wp-content\/uploads\/2023\/03\/irrumpen-2-330x220.jpg 330w, https:\/\/themexicopost.com\/wp-content\/uploads\/2023\/03\/irrumpen-2-420x280.jpg 420w, https:\/\/themexicopost.com\/wp-content\/uploads\/2023\/03\/irrumpen-2-615x410.jpg 615w, https:\/\/themexicopost.com\/wp-content\/uploads\/2023\/03\/irrumpen-2-860x573.jpg 860w, https:\/\/themexicopost.com\/wp-content\/uploads\/2023\/03\/irrumpen-2.jpg 1200w\" sizes=\"(max-width: 1024px) 100vw, 1024px\" \/><\/figure>\n","protected":false},"excerpt":{"rendered":"<p>La escalada de tensiones en torno al convento se agudiz\u00f3 este mi\u00e9rcoles, fecha l\u00edmite del ultim\u00e1tum establecido por las autoridades para que los monjes abandonaran el monasterio. Polic\u00edas ucranianos con ametralladoras han entrado este jueves en el territorio del Monasterio de las Cuevas de Kiev despu\u00e9s de que la comisi\u00f3n del inventario de bienes para [&hellip;]<\/p>\n","protected":false},"author":1,"featured_media":7710,"comment_status":"closed","ping_status":"closed","sticky":false,"template":"","format":"standard","meta":{"footnotes":""},"categories":[80],"tags":[],"class_list":["post-7709","post","type-post","status-publish","format-standard","has-post-thumbnail","hentry","category-mundo"],"_links":{"self":[{"href":"https:\/\/themexicopost.com\/index.php?rest_route=\/wp\/v2\/posts\/7709","targetHints":{"allow":["GET"]}}],"collection":[{"href":"https:\/\/themexicopost.com\/index.php?rest_route=\/wp\/v2\/posts"}],"about":[{"href":"https:\/\/themexicopost.com\/index.php?rest_route=\/wp\/v2\/types\/post"}],"author":[{"embeddable":true,"href":"https:\/\/themexicopost.com\/index.php?rest_route=\/wp\/v2\/users\/1"}],"replies":[{"embeddable":true,"href":"https:\/\/themexicopost.com\/index.php?rest_route=%2Fwp%2Fv2%2Fcomments&post=7709"}],"version-history":[{"count":1,"href":"https:\/\/themexicopost.com\/index.php?rest_route=\/wp\/v2\/posts\/7709\/revisions"}],"predecessor-version":[{"id":7712,"href":"https:\/\/themexicopost.com\/index.php?rest_route=\/wp\/v2\/posts\/7709\/revisions\/7712"}],"wp:featuredmedia":[{"embeddable":true,"href":"https:\/\/themexicopost.com\/index.php?rest_route=\/wp\/v2\/media\/7710"}],"wp:attachment":[{"href":"https:\/\/themexicopost.com\/index.php?rest_route=%2Fwp%2Fv2%2Fmedia&parent=7709"}],"wp:term":[{"taxonomy":"category","embeddable":true,"href":"https:\/\/themexicopost.com\/index.php?rest_route=%2Fwp%2Fv2%2Fcategories&post=7709"},{"taxonomy":"post_tag","embeddable":true,"href":"https:\/\/themexicopost.com\/index.php?rest_route=%2Fwp%2Fv2%2Ftags&post=7709"}],"curies":[{"name":"wp","href":"https:\/\/api.w.org\/{rel}","templated":true}]}}