{"id":77091,"date":"2026-02-24T08:54:40","date_gmt":"2026-02-24T14:54:40","guid":{"rendered":"https:\/\/themexicopost.com\/?p=77091"},"modified":"2026-02-24T08:54:43","modified_gmt":"2026-02-24T14:54:43","slug":"mexico-debe-intensificar-sus-esfuerzos-contra-los-carteles-trump","status":"publish","type":"post","link":"https:\/\/themexicopost.com\/?p=77091","title":{"rendered":"&#8220;M\u00c9XICO DEBE INTENSIFICAR SUS ESFUERZOS CONTRA LOS C\u00c1RTELES&#8221;: TRUMP"},"content":{"rendered":"\n<figure class=\"wp-block-pullquote\"><blockquote><p>-El a\u00f1o pasado la administraci\u00f3n Trump tambi\u00e9n declar\u00f3 al C\u00e1rtel Jalisco Nueva Generaci\u00f3n como organizaci\u00f3n narcoterrorista extranjera.<\/p><\/blockquote><\/figure>\n\n\n\n<p class=\"has-drop-cap\">El presidente de los Estados Unidos, Donald Trump, hizo un llamado a M\u00e9xico para que intensifique esfuerzos contra los c\u00e1rteles de droga, esto despu\u00e9s de que Fuerzas Federales Mexicanas lograron la ca\u00edda de Nemesio Oseguera Cervantes, quien fue abatido durante un operativo en Tapalpa, Jalisco, el domingo.<br><\/p>\n\n\n\n<p>A trav\u00e9s de su cuenta oficial de Truth Social, Donald Trump hizo referencia a las declaraciones de Derek Maltz, exagente de la Administraci\u00f3n para el Control de Drogas (DEA), quien calific\u00f3 la situaci\u00f3n en M\u00e9xico como muy peligrosa ante la traici\u00f3n de los c\u00e1rteles mexicanos.<br><\/p>\n\n\n\n<figure class=\"wp-block-image size-large\"><img fetchpriority=\"high\" decoding=\"async\" width=\"1024\" height=\"684\" src=\"https:\/\/themexicopost.com\/wp-content\/uploads\/2026\/02\/mexico-4-1024x684.jpg\" alt=\"\" class=\"wp-image-77096\" srcset=\"https:\/\/themexicopost.com\/wp-content\/uploads\/2026\/02\/mexico-4-1024x684.jpg 1024w, https:\/\/themexicopost.com\/wp-content\/uploads\/2026\/02\/mexico-4-300x201.jpg 300w, https:\/\/themexicopost.com\/wp-content\/uploads\/2026\/02\/mexico-4-768x513.jpg 768w, https:\/\/themexicopost.com\/wp-content\/uploads\/2026\/02\/mexico-4.jpg 1200w\" sizes=\"(max-width: 1024px) 100vw, 1024px\" \/><\/figure>\n\n\n\n<p>Record\u00f3 que el domingo tras la muerte de &#8220;El Mencho&#8221;, l\u00edder del C\u00e1rtel Jalisco Nueva Generaci\u00f3n (CJNG), varios estados del pa\u00eds vieron violencias como quema de negocios y autobuses, as\u00ed como el bloqueo de carreteras, una situaci\u00f3n que, dijo, es equiparable con las zonas controladas por Al-Qaeda.<br><\/p>\n\n\n\n<p>&#8220;\u00a1Gran entrevista al patriota estadounidense Derek Maltz, por parte del maravilloso presentador de Fox &amp; Friends Lawrence Jones, quien es fenomenal! \u00a1M\u00e9xico debe intensificar sus esfuerzos contra los c\u00e1rteles y las drogas!\u201d, escribi\u00f3 el presidente de Estados Unidos.<br><\/p>\n\n\n\n<figure class=\"wp-block-image size-large\"><img decoding=\"async\" width=\"1024\" height=\"684\" src=\"https:\/\/themexicopost.com\/wp-content\/uploads\/2026\/02\/mexico-3-1024x684.jpg\" alt=\"\" class=\"wp-image-77097\" srcset=\"https:\/\/themexicopost.com\/wp-content\/uploads\/2026\/02\/mexico-3-1024x684.jpg 1024w, https:\/\/themexicopost.com\/wp-content\/uploads\/2026\/02\/mexico-3-300x201.jpg 300w, https:\/\/themexicopost.com\/wp-content\/uploads\/2026\/02\/mexico-3-768x513.jpg 768w, https:\/\/themexicopost.com\/wp-content\/uploads\/2026\/02\/mexico-3.jpg 1200w\" sizes=\"(max-width: 1024px) 100vw, 1024px\" \/><\/figure>\n\n\n\n<p>Es importante recordar que el fundador y l\u00edder del CJNG no solo era uno de los objetivos m\u00e1s buscados en M\u00e9xico, sino tambi\u00e9n en Estados Unidos, donde se ofrec\u00eda una recompensa de 15 millones de d\u00f3lares para dar con su paradero.<br><\/p>\n\n\n\n<p>Adem\u00e1s, el a\u00f1o pasado la administraci\u00f3n Trump tambi\u00e9n declar\u00f3 al C\u00e1rtel Jalisco Nueva Generaci\u00f3n como organizaci\u00f3n narcoterrorista extranjera.<\/p>\n\n\n\n<figure class=\"wp-block-image size-large\"><img decoding=\"async\" width=\"1024\" height=\"684\" src=\"https:\/\/themexicopost.com\/wp-content\/uploads\/2026\/02\/mexico-2-1024x684.jpg\" alt=\"\" class=\"wp-image-77098\" srcset=\"https:\/\/themexicopost.com\/wp-content\/uploads\/2026\/02\/mexico-2-1024x684.jpg 1024w, https:\/\/themexicopost.com\/wp-content\/uploads\/2026\/02\/mexico-2-300x201.jpg 300w, https:\/\/themexicopost.com\/wp-content\/uploads\/2026\/02\/mexico-2-768x513.jpg 768w, https:\/\/themexicopost.com\/wp-content\/uploads\/2026\/02\/mexico-2.jpg 1200w\" sizes=\"(max-width: 1024px) 100vw, 1024px\" \/><\/figure>\n","protected":false},"excerpt":{"rendered":"<p>-El a\u00f1o pasado la administraci\u00f3n Trump tambi\u00e9n declar\u00f3 al C\u00e1rtel Jalisco Nueva Generaci\u00f3n como organizaci\u00f3n narcoterrorista extranjera.<\/p>\n","protected":false},"author":1,"featured_media":77095,"comment_status":"closed","ping_status":"closed","sticky":false,"template":"","format":"standard","meta":{"footnotes":""},"categories":[83,80,85],"tags":[],"class_list":["post-77091","post","type-post","status-publish","format-standard","has-post-thumbnail","hentry","category-destacado","category-mundo","category-portada"],"_links":{"self":[{"href":"https:\/\/themexicopost.com\/index.php?rest_route=\/wp\/v2\/posts\/77091","targetHints":{"allow":["GET"]}}],"collection":[{"href":"https:\/\/themexicopost.com\/index.php?rest_route=\/wp\/v2\/posts"}],"about":[{"href":"https:\/\/themexicopost.com\/index.php?rest_route=\/wp\/v2\/types\/post"}],"author":[{"embeddable":true,"href":"https:\/\/themexicopost.com\/index.php?rest_route=\/wp\/v2\/users\/1"}],"replies":[{"embeddable":true,"href":"https:\/\/themexicopost.com\/index.php?rest_route=%2Fwp%2Fv2%2Fcomments&post=77091"}],"version-history":[{"count":1,"href":"https:\/\/themexicopost.com\/index.php?rest_route=\/wp\/v2\/posts\/77091\/revisions"}],"predecessor-version":[{"id":77099,"href":"https:\/\/themexicopost.com\/index.php?rest_route=\/wp\/v2\/posts\/77091\/revisions\/77099"}],"wp:featuredmedia":[{"embeddable":true,"href":"https:\/\/themexicopost.com\/index.php?rest_route=\/wp\/v2\/media\/77095"}],"wp:attachment":[{"href":"https:\/\/themexicopost.com\/index.php?rest_route=%2Fwp%2Fv2%2Fmedia&parent=77091"}],"wp:term":[{"taxonomy":"category","embeddable":true,"href":"https:\/\/themexicopost.com\/index.php?rest_route=%2Fwp%2Fv2%2Fcategories&post=77091"},{"taxonomy":"post_tag","embeddable":true,"href":"https:\/\/themexicopost.com\/index.php?rest_route=%2Fwp%2Fv2%2Ftags&post=77091"}],"curies":[{"name":"wp","href":"https:\/\/api.w.org\/{rel}","templated":true}]}}