{"id":7724,"date":"2023-03-31T16:02:07","date_gmt":"2023-03-31T16:02:07","guid":{"rendered":"https:\/\/themexicopost.com\/?p=7724"},"modified":"2023-03-31T16:02:09","modified_gmt":"2023-03-31T16:02:09","slug":"putin-piensa-en-reclutar-mas-de-140-mil-jovenes-para-la-guerra-con-ucrania","status":"publish","type":"post","link":"https:\/\/themexicopost.com\/?p=7724","title":{"rendered":"Putin piensa en reclutar m\u00e1s de 140 mil j\u00f3venes para la guerra con Ucrania"},"content":{"rendered":"\n<figure class=\"wp-block-pullquote\"><blockquote><p>Ser\u00e1n convocados rusos entre los 18 y los 27 a\u00f1os de edad.<\/p><\/blockquote><\/figure>\n\n\n\n<p class=\"has-drop-cap wp-block-paragraph\">El presidente de Rusia, Vladimir Putin, firm\u00f3 este jueves un decreto para el reclutamiento militar de 147.000 rusos desde el 1 de abril hasta el 15 de julio pr\u00f3ximo.<br><\/p>\n\n\n\n<p class=\"wp-block-paragraph\">El decreto, publicado en el portal de informaci\u00f3n jur\u00eddica del Gobierno ruso, establece que ser\u00e1n convocados rusos entre los 18 y los 27 a\u00f1os de edad.<br><\/p>\n\n\n\n<p class=\"wp-block-paragraph\">Adem\u00e1s, tambi\u00e9n prev\u00e9 la rescisi\u00f3n de los contratos del servicio militar de los militares que cuyo tiempo de servicio haya concluido.<br><\/p>\n\n\n\n<p class=\"wp-block-paragraph\">Este llamamiento convoca a 12.500 personas m\u00e1s que en 2022, cuando se anunci\u00f3 el reclutamiento de 134.500 personas.<br><\/p>\n\n\n\n<p class=\"wp-block-paragraph\">Se tratar\u00eda del \u00faltimo llamado al servicio con estas edades, ya que el Legislativo tramita actualmente un proyecto de ley que eleva la edad m\u00ednima y m\u00e1xima para el servicio militar obligatorio en Rusia de los 18 y 27 a\u00f1os actuales a los 21 y 30 a\u00f1os.<br><\/p>\n\n\n\n<p class=\"wp-block-paragraph\">La iniciativa fue propuesta a finales de 2022 por el ministro ruso de Defensa, Sergu\u00e9i Shoig\u00fa, y apoyada por el presidente, Vlad\u00edmir Putin, y se produjo despu\u00e9s de que cientos de miles de hombres rusos en edad militar abandonaran Rusia a ra\u00edz de la movilizaci\u00f3n decretada en septiembre de 2022 por el jefe del Kremlin.<br><\/p>\n\n\n\n<p class=\"wp-block-paragraph\">Tres meses despu\u00e9s, un grupo de diputados encabezado por el presidente del Comit\u00e9 de Defensa y Seguridad, el oficialista Andr\u00e9i Kartap\u00f3lov, propuso elevar el umbral superior de la edad militar de 27 a 30 a\u00f1os de forma inmediata y aumentar el inferior de forma escalonada entre 2024 y 2026.<br><\/p>\n\n\n\n<p class=\"wp-block-paragraph\">De ser adoptado el proyecto de ley en las dos c\u00e1maras del Parlamento ruso y posteriormente firmado por Putin, los reclutas rusos tendr\u00e1n a partir del 1 de enero de 2024 de 19 a 30 a\u00f1os, en 2025 de 20 a 30 a\u00f1os y en 2026 de 21 a\u00f1os a 30 a\u00f1os.<br><\/p>\n\n\n\n<p class=\"wp-block-paragraph\">No obstante, quienes lo deseen podr\u00e1n hacer el servicio militar a partir de los 18 a\u00f1os.<br><\/p>\n\n\n\n<p class=\"wp-block-paragraph\">Adem\u00e1s, podr\u00e1n prestar el servicio los hombres de 27 a 30 a\u00f1os, si no lo han hecho bajo la ley actual, en caso de que presentan la correspondiente solicitud.<br><\/p>\n\n\n\n<p class=\"wp-block-paragraph\">La ambiciosa campa\u00f1a de reclutamiento permitir\u00eda al Kremlin evitar otra movilizaci\u00f3n forzada de reservistas a medida que intensifica la campa\u00f1a para reelegir al presidente Vladimir Putin a finales de este a\u00f1o, dijeron las personas. La convocatoria del oto\u00f1o pasado sacudi\u00f3 la confianza p\u00fablica y provoc\u00f3 un \u00e9xodo de hasta un mill\u00f3n de rusos del pa\u00eds.<\/p>\n","protected":false},"excerpt":{"rendered":"<p>Ser\u00e1n convocados rusos entre los 18 y los 27 a\u00f1os de edad. El presidente de Rusia, Vladimir Putin, firm\u00f3 este jueves un decreto para el reclutamiento militar de 147.000 rusos desde el 1 de abril hasta el 15 de julio pr\u00f3ximo. El decreto, publicado en el portal de informaci\u00f3n jur\u00eddica del Gobierno ruso, establece que [&hellip;]<\/p>\n","protected":false},"author":1,"featured_media":7725,"comment_status":"closed","ping_status":"closed","sticky":false,"template":"","format":"standard","meta":{"footnotes":""},"categories":[80],"tags":[],"class_list":["post-7724","post","type-post","status-publish","format-standard","has-post-thumbnail","hentry","category-mundo"],"_links":{"self":[{"href":"https:\/\/themexicopost.com\/index.php?rest_route=\/wp\/v2\/posts\/7724","targetHints":{"allow":["GET"]}}],"collection":[{"href":"https:\/\/themexicopost.com\/index.php?rest_route=\/wp\/v2\/posts"}],"about":[{"href":"https:\/\/themexicopost.com\/index.php?rest_route=\/wp\/v2\/types\/post"}],"author":[{"embeddable":true,"href":"https:\/\/themexicopost.com\/index.php?rest_route=\/wp\/v2\/users\/1"}],"replies":[{"embeddable":true,"href":"https:\/\/themexicopost.com\/index.php?rest_route=%2Fwp%2Fv2%2Fcomments&post=7724"}],"version-history":[{"count":1,"href":"https:\/\/themexicopost.com\/index.php?rest_route=\/wp\/v2\/posts\/7724\/revisions"}],"predecessor-version":[{"id":7726,"href":"https:\/\/themexicopost.com\/index.php?rest_route=\/wp\/v2\/posts\/7724\/revisions\/7726"}],"wp:featuredmedia":[{"embeddable":true,"href":"https:\/\/themexicopost.com\/index.php?rest_route=\/wp\/v2\/media\/7725"}],"wp:attachment":[{"href":"https:\/\/themexicopost.com\/index.php?rest_route=%2Fwp%2Fv2%2Fmedia&parent=7724"}],"wp:term":[{"taxonomy":"category","embeddable":true,"href":"https:\/\/themexicopost.com\/index.php?rest_route=%2Fwp%2Fv2%2Fcategories&post=7724"},{"taxonomy":"post_tag","embeddable":true,"href":"https:\/\/themexicopost.com\/index.php?rest_route=%2Fwp%2Fv2%2Ftags&post=7724"}],"curies":[{"name":"wp","href":"https:\/\/api.w.org\/{rel}","templated":true}]}}