{"id":7734,"date":"2023-03-31T16:05:17","date_gmt":"2023-03-31T16:05:17","guid":{"rendered":"https:\/\/themexicopost.com\/?p=7734"},"modified":"2023-03-31T16:05:18","modified_gmt":"2023-03-31T16:05:18","slug":"proteccion-civil-anuncia-declaratoria-por-recientes-derrumbes-en-tijuana","status":"publish","type":"post","link":"https:\/\/themexicopost.com\/?p=7734","title":{"rendered":"Protecci\u00f3n Civil anuncia declaratoria por recientes derrumbes en Tijuana"},"content":{"rendered":"\n<figure class=\"wp-block-pullquote\"><blockquote><p>De enero a marzo del 2023 cayeron m\u00e1s de 10 pulgadas de agua.<\/p><\/blockquote><\/figure>\n\n\n\n<p class=\"has-drop-cap wp-block-paragraph\">Debido a los deslaves que se han suscitado en diferentes puntos de la ciudad a consecuencia de las lluvias, Protecci\u00f3n Civil anunci\u00f3 la Declaratoria de Emergencias para Prevenci\u00f3n y Atenci\u00f3n de Desastres.<br><\/p>\n\n\n\n<p class=\"wp-block-paragraph\">El Consejo Municipal de Protecci\u00f3n Civil se reuni\u00f3 en sesi\u00f3n extraordinaria para plantear las consecuencias por las lluvias que han azotado a Tijuana en los \u00faltimos tres meses, dijo Bernardo Villegas Ram\u00edrez.<br><\/p>\n\n\n\n<p class=\"wp-block-paragraph\">&#8220;La premura de que se hiciera esta reuni\u00f3n es que se tomaran acciones como una declaratoria de emergencia por los cinco deslizamientos que tenemos activos, Herradura Sur, Aguaje de la Tuna, Ca\u00f1\u00f3n del Matadero, Urbi Villa del Prado, y en el fraccionamiento La Sierra\u201d.<br><\/p>\n\n\n\n<p class=\"wp-block-paragraph\">Entre octubre y diciembre de 2022, cayeron entre 25 a 30 mil\u00edmetros de agua, mientras que de enero a marzo del presente a\u00f1o, seg\u00fan Conagua, cayeron 273 mil\u00edmetros de agua, es decir, m\u00e1s de 10 pulgadas, indic\u00f3.<br><\/p>\n\n\n\n<p class=\"wp-block-paragraph\">Dicha declaratoria de emergencia busca que se enfoquen recursos propios para poder llevar a cabo acciones de mitigaci\u00f3n y prevenci\u00f3n, se\u00f1al\u00f3.<\/p>\n","protected":false},"excerpt":{"rendered":"<p>De enero a marzo del 2023 cayeron m\u00e1s de 10 pulgadas de agua. Debido a los deslaves que se han suscitado en diferentes puntos de la ciudad a consecuencia de las lluvias, Protecci\u00f3n Civil anunci\u00f3 la Declaratoria de Emergencias para Prevenci\u00f3n y Atenci\u00f3n de Desastres. El Consejo Municipal de Protecci\u00f3n Civil se reuni\u00f3 en sesi\u00f3n [&hellip;]<\/p>\n","protected":false},"author":1,"featured_media":7735,"comment_status":"closed","ping_status":"closed","sticky":false,"template":"","format":"standard","meta":{"footnotes":""},"categories":[81],"tags":[],"class_list":["post-7734","post","type-post","status-publish","format-standard","has-post-thumbnail","hentry","category-nacional"],"_links":{"self":[{"href":"https:\/\/themexicopost.com\/index.php?rest_route=\/wp\/v2\/posts\/7734","targetHints":{"allow":["GET"]}}],"collection":[{"href":"https:\/\/themexicopost.com\/index.php?rest_route=\/wp\/v2\/posts"}],"about":[{"href":"https:\/\/themexicopost.com\/index.php?rest_route=\/wp\/v2\/types\/post"}],"author":[{"embeddable":true,"href":"https:\/\/themexicopost.com\/index.php?rest_route=\/wp\/v2\/users\/1"}],"replies":[{"embeddable":true,"href":"https:\/\/themexicopost.com\/index.php?rest_route=%2Fwp%2Fv2%2Fcomments&post=7734"}],"version-history":[{"count":1,"href":"https:\/\/themexicopost.com\/index.php?rest_route=\/wp\/v2\/posts\/7734\/revisions"}],"predecessor-version":[{"id":7736,"href":"https:\/\/themexicopost.com\/index.php?rest_route=\/wp\/v2\/posts\/7734\/revisions\/7736"}],"wp:featuredmedia":[{"embeddable":true,"href":"https:\/\/themexicopost.com\/index.php?rest_route=\/wp\/v2\/media\/7735"}],"wp:attachment":[{"href":"https:\/\/themexicopost.com\/index.php?rest_route=%2Fwp%2Fv2%2Fmedia&parent=7734"}],"wp:term":[{"taxonomy":"category","embeddable":true,"href":"https:\/\/themexicopost.com\/index.php?rest_route=%2Fwp%2Fv2%2Fcategories&post=7734"},{"taxonomy":"post_tag","embeddable":true,"href":"https:\/\/themexicopost.com\/index.php?rest_route=%2Fwp%2Fv2%2Ftags&post=7734"}],"curies":[{"name":"wp","href":"https:\/\/api.w.org\/{rel}","templated":true}]}}