{"id":77546,"date":"2026-03-03T08:33:53","date_gmt":"2026-03-03T14:33:53","guid":{"rendered":"https:\/\/themexicopost.com\/?p=77546"},"modified":"2026-03-03T08:33:55","modified_gmt":"2026-03-03T14:33:55","slug":"aterrizaje-de-emergencia-de-helicoptero-en-filipinas-provoca-un-accidente","status":"publish","type":"post","link":"https:\/\/themexicopost.com\/?p=77546","title":{"rendered":"Aterrizaje de emergencia de helic\u00f3ptero en Filipinas provoca un accidente"},"content":{"rendered":"\n<figure class=\"wp-block-pullquote\"><blockquote><p>La maniobra provoc\u00f3 que dos personas perdieran la vida y tres m\u00e1s salieran heridas.<\/p><\/blockquote><\/figure>\n\n\n\n<p class=\"has-drop-cap\">Un helic\u00f3ptero civil realiz\u00f3 un aterrizaje de emergencia en un claro cerca de una aldea al este de la capital filipina, causando la muerte de dos personas y heridas a las otras tres a bordo.<br><\/p>\n\n\n\n<p>Se desconoce de inmediato la causa del aterrizaje forzoso con tiempo despejado a unos 50 metros del grupo de casas m\u00e1s cercano en una aldea de la ciudad de Pililla, en la provincia de Rizal, seg\u00fan informaron la Autoridad de Aviaci\u00f3n Civil de Filipinas y otras autoridades.<br><\/p>\n\n\n\n<p>El helic\u00f3ptero Bell 505 despeg\u00f3 de Manila y se dirig\u00eda a la provincia de Quez\u00f3n, a m\u00e1s de 400 kil\u00f3metros al sureste de la capital, cuando realiz\u00f3 el aterrizaje forzoso, informaron las autoridades de aviaci\u00f3n.<br><\/p>\n\n\n\n<p>Una persona muri\u00f3 instant\u00e1neamente por el impacto del aterrizaje y otra falleci\u00f3 en un hospital. Las otras tres personas, incluido el piloto, fueron trasladadas a un hospital con heridas, informaron a la prensa el alcalde de la ciudad de Pililla, John Masinsin, y la polic\u00eda provincial.<br><\/p>\n\n\n\n<p>Masinsin a\u00f1adi\u00f3, sin dar m\u00e1s detalles, que dos de las personas a bordo eran extranjeros, incluido uno de los dos fallecidos.<br><\/p>\n\n\n\n<p>&#8220;Los sobrevivientes a\u00fan se encuentran en estado de shock, por lo que no podemos extraerles detalles&#8221;, declar\u00f3 Masinsin a la prensa. &#8220;Estamos priorizando su recuperaci\u00f3n&#8221;.<br><\/p>\n\n\n\n<p>Las autoridades de aviaci\u00f3n indicaron que se est\u00e1 llevando a cabo una investigaci\u00f3n.<\/p>\n","protected":false},"excerpt":{"rendered":"<p>La maniobra provoc\u00f3 que dos personas perdieran la vida y tres m\u00e1s salieran heridas. Un helic\u00f3ptero civil realiz\u00f3 un aterrizaje de emergencia en un claro cerca de una aldea al este de la capital filipina, causando la muerte de dos personas y heridas a las otras tres a bordo. Se desconoce de inmediato la causa [&hellip;]<\/p>\n","protected":false},"author":1,"featured_media":77550,"comment_status":"closed","ping_status":"closed","sticky":false,"template":"","format":"standard","meta":{"footnotes":""},"categories":[80],"tags":[],"class_list":["post-77546","post","type-post","status-publish","format-standard","has-post-thumbnail","hentry","category-mundo"],"_links":{"self":[{"href":"https:\/\/themexicopost.com\/index.php?rest_route=\/wp\/v2\/posts\/77546","targetHints":{"allow":["GET"]}}],"collection":[{"href":"https:\/\/themexicopost.com\/index.php?rest_route=\/wp\/v2\/posts"}],"about":[{"href":"https:\/\/themexicopost.com\/index.php?rest_route=\/wp\/v2\/types\/post"}],"author":[{"embeddable":true,"href":"https:\/\/themexicopost.com\/index.php?rest_route=\/wp\/v2\/users\/1"}],"replies":[{"embeddable":true,"href":"https:\/\/themexicopost.com\/index.php?rest_route=%2Fwp%2Fv2%2Fcomments&post=77546"}],"version-history":[{"count":1,"href":"https:\/\/themexicopost.com\/index.php?rest_route=\/wp\/v2\/posts\/77546\/revisions"}],"predecessor-version":[{"id":77551,"href":"https:\/\/themexicopost.com\/index.php?rest_route=\/wp\/v2\/posts\/77546\/revisions\/77551"}],"wp:featuredmedia":[{"embeddable":true,"href":"https:\/\/themexicopost.com\/index.php?rest_route=\/wp\/v2\/media\/77550"}],"wp:attachment":[{"href":"https:\/\/themexicopost.com\/index.php?rest_route=%2Fwp%2Fv2%2Fmedia&parent=77546"}],"wp:term":[{"taxonomy":"category","embeddable":true,"href":"https:\/\/themexicopost.com\/index.php?rest_route=%2Fwp%2Fv2%2Fcategories&post=77546"},{"taxonomy":"post_tag","embeddable":true,"href":"https:\/\/themexicopost.com\/index.php?rest_route=%2Fwp%2Fv2%2Ftags&post=77546"}],"curies":[{"name":"wp","href":"https:\/\/api.w.org\/{rel}","templated":true}]}}