{"id":7755,"date":"2023-04-03T13:38:23","date_gmt":"2023-04-03T13:38:23","guid":{"rendered":"https:\/\/themexicopost.com\/?p=7755"},"modified":"2023-04-03T13:38:25","modified_gmt":"2023-04-03T13:38:25","slug":"afirman-que-el-caso-penal-contra-trump-lo-hizo-mas-fuerte","status":"publish","type":"post","link":"https:\/\/themexicopost.com\/?p=7755","title":{"rendered":"Afirman que el caso penal contra Trump lo hizo m\u00e1s fuerte"},"content":{"rendered":"\n<figure class=\"wp-block-pullquote\"><blockquote><p>El expresidente estadounidense habr\u00eda conseguido el apoyo de al menos 37 legisladores republicanos en la C\u00e1mara de Representantes.<\/p><\/blockquote><\/figure>\n\n\n\n<p class=\"has-drop-cap wp-block-paragraph\">Tanto partidarios como adversarios pol\u00edticos del expresidente estadounidense Donald Trump creen que el caso penal contra \u00e9l no mermar\u00e1 sus posibilidades pol\u00edticas e incluso podr\u00eda impulsar su campa\u00f1a para regresar a la Casa Blanca, informa New York Post.<br><\/p>\n\n\n\n<p class=\"wp-block-paragraph\">&#8220;La persecuci\u00f3n pol\u00edtica lanzada por Alvin Bragg [fiscal del caso] va a hacer m\u00e1s fuerte al expresidente Trump&#8221;, afirm\u00f3 al peri\u00f3dico el excongresista republicano y candidato a gobernador de Nueva York Lee Zeldin. Tambi\u00e9n se\u00f1al\u00f3 que algunos votantes &#8220;ya est\u00e1n planteando importantes preocupaciones sobre esta acusaci\u00f3n&#8221; y hablan de &#8220;persecuci\u00f3n pol\u00edtica&#8221;.<br><\/p>\n\n\n\n<p class=\"wp-block-paragraph\">Por su parte, el consultor pol\u00edtico dem\u00f3crata Jon Reinish expres\u00f3 que el caso penal &#8220;volver\u00e1 a consolidar la base a su alrededor, reorientando el centro de gravedad de nuevo hacia Trump, no tanto como un candidato, sino como algo m\u00e1s grande que eso: una causa&#8221;. &#8220;Nadie es tan h\u00e1bil jugando con el sentimiento de agravio y persecuci\u00f3n&#8221;, subray\u00f3.<br><\/p>\n\n\n\n<p class=\"wp-block-paragraph\">&#8220;A corto plazo, hay un efecto de movilizaci\u00f3n, hay un efecto de recaudaci\u00f3n de fondos, que Trump va a aprovechar al m\u00e1ximo&#8221;, indic\u00f3 David Kochel, estratega del Partido Republicano, a Fox News.<br><\/p>\n\n\n\n<p class=\"wp-block-paragraph\">Mientras, Axios report\u00f3 que el exmandatario ha conseguido el apoyo de al menos 37 legisladores republicanos en la C\u00e1mara de Representantes, lo que podr\u00eda ayudarle en la campa\u00f1a presidencial y en un posible juicio. Las personas al tanto del asunto indicaron que Ronny Jackson, de Texas, y Elise Stefanik, de Nueva York, incluso han estado llamando en las \u00faltimas semanas a sus colegas de la C\u00e1mara en nombre de Trump, pidiendo apoyos.<br><\/p>\n\n\n\n<p class=\"wp-block-paragraph\">Asimismo, una encuesta realizada por YouGov y Yahoo News refleja que, despu\u00e9s de la decisi\u00f3n del gran jurado de Manhattan, Trump alcanz\u00f3 mayor ventaja sobre el gobernador de Florida, Ron DeSantis, su probable rival en las primarias del Partido Republicano de 2024. As\u00ed, el 52 % de los republicanos o independientes de tendencia republicana dijeron que apoyar\u00edan a Trump, mientras que solo el 21 % de los votantes apoyar\u00edan a DeSantis.<br><\/p>\n\n\n\n<p class=\"wp-block-paragraph\">En comparaci\u00f3n, en la anterior encuesta realizada a mediados de marzo, Trump ten\u00eda una aprobaci\u00f3n del 44 %, respecto al 28 % de su rival.<br><\/p>\n\n\n\n<p class=\"wp-block-paragraph\">El gran jurado de Manhattan vot\u00f3 este jueves a favor de acusar formalmente al exmandatario por su papel en el pago a cambio de siliencio a la actriz porno Stormy Daniels. El fiscal de Manhattan, Alvin Bragg, declar\u00f3 que los procuradores est\u00e1n trabajando para organizar la entrega de Trump a la Oficina del Fiscal.<br><\/p>\n\n\n\n<p class=\"wp-block-paragraph\">En las primeras 24 horas posteriores a la decisi\u00f3n judicial, Trump logr\u00f3 recaudar m\u00e1s de cuatro millones de d\u00f3lares. El comunicado publicado en la p\u00e1gina web del pol\u00edtico se\u00f1ala que esta &#8220;incre\u00edble&#8221; ola de donaciones demuestra que el pueblo estadounidense considera la acusaci\u00f3n contra el expresidente como un &#8220;arma vergonzosa&#8221; del sistema judicial por parte de un fiscal financiado por el inversor de origen h\u00fangaro George Soros.<br>La decisi\u00f3n marca la primera vez que se acusa a un expresidente en un asunto penal. La acusaci\u00f3n o condena no impedir\u00eda legalmente que el pol\u00edtico republicano se postule nuevamente a la presidencia, ya que no tener antecedentes penales no se encuentra entre los criterios que establece la Constituci\u00f3n estadounidense para determinar qui\u00e9n es elegible para ser presidente.<\/p>\n","protected":false},"excerpt":{"rendered":"<p>El expresidente estadounidense habr\u00eda conseguido el apoyo de al menos 37 legisladores republicanos en la C\u00e1mara de Representantes. Tanto partidarios como adversarios pol\u00edticos del expresidente estadounidense Donald Trump creen que el caso penal contra \u00e9l no mermar\u00e1 sus posibilidades pol\u00edticas e incluso podr\u00eda impulsar su campa\u00f1a para regresar a la Casa Blanca, informa New York [&hellip;]<\/p>\n","protected":false},"author":1,"featured_media":7756,"comment_status":"closed","ping_status":"closed","sticky":false,"template":"","format":"standard","meta":{"footnotes":""},"categories":[83,85],"tags":[],"class_list":["post-7755","post","type-post","status-publish","format-standard","has-post-thumbnail","hentry","category-destacado","category-portada"],"_links":{"self":[{"href":"https:\/\/themexicopost.com\/index.php?rest_route=\/wp\/v2\/posts\/7755","targetHints":{"allow":["GET"]}}],"collection":[{"href":"https:\/\/themexicopost.com\/index.php?rest_route=\/wp\/v2\/posts"}],"about":[{"href":"https:\/\/themexicopost.com\/index.php?rest_route=\/wp\/v2\/types\/post"}],"author":[{"embeddable":true,"href":"https:\/\/themexicopost.com\/index.php?rest_route=\/wp\/v2\/users\/1"}],"replies":[{"embeddable":true,"href":"https:\/\/themexicopost.com\/index.php?rest_route=%2Fwp%2Fv2%2Fcomments&post=7755"}],"version-history":[{"count":1,"href":"https:\/\/themexicopost.com\/index.php?rest_route=\/wp\/v2\/posts\/7755\/revisions"}],"predecessor-version":[{"id":7757,"href":"https:\/\/themexicopost.com\/index.php?rest_route=\/wp\/v2\/posts\/7755\/revisions\/7757"}],"wp:featuredmedia":[{"embeddable":true,"href":"https:\/\/themexicopost.com\/index.php?rest_route=\/wp\/v2\/media\/7756"}],"wp:attachment":[{"href":"https:\/\/themexicopost.com\/index.php?rest_route=%2Fwp%2Fv2%2Fmedia&parent=7755"}],"wp:term":[{"taxonomy":"category","embeddable":true,"href":"https:\/\/themexicopost.com\/index.php?rest_route=%2Fwp%2Fv2%2Fcategories&post=7755"},{"taxonomy":"post_tag","embeddable":true,"href":"https:\/\/themexicopost.com\/index.php?rest_route=%2Fwp%2Fv2%2Ftags&post=7755"}],"curies":[{"name":"wp","href":"https:\/\/api.w.org\/{rel}","templated":true}]}}