{"id":77567,"date":"2026-03-03T08:44:52","date_gmt":"2026-03-03T14:44:52","guid":{"rendered":"https:\/\/themexicopost.com\/?p=77567"},"modified":"2026-03-03T08:44:57","modified_gmt":"2026-03-03T14:44:57","slug":"insiste-guterres-en-una-desescalada-en-oriente-medio","status":"publish","type":"post","link":"https:\/\/themexicopost.com\/?p=77567","title":{"rendered":"Insiste Guterres en una desescalada en Oriente Medio"},"content":{"rendered":"\n<figure class=\"wp-block-pullquote\"><blockquote><p>-El secretario general de la ONU alerta de las crecientes bajas civiles por el conflicto.<\/p><\/blockquote><\/figure>\n\n\n\n<p class=\"has-drop-cap\">El secretario general de la ONU, Ant\u00f3nio Guterres, insisti\u00f3 en pedir una desescalada del conflicto en Oriente Medio, originado tras el ataque de Estados Unidos e Israel contra Ir\u00e1n iniciado el fin de semana, y alert\u00f3 del creciente n\u00famero de bajas civiles.<br><\/p>\n\n\n\n<p>As\u00ed lo indic\u00f3 el portavoz de Guterres, St\u00e9phane Dujarric, en su rueda de prensa diaria, en la que abog\u00f3 por el di\u00e1logo y por recuperar las negociaciones.<br><\/p>\n\n\n\n<p>&#8220;El secretario general vuelve a pedir una desescalada, el cese inmediato de las hostilidades y un di\u00e1logo y negociaciones genuinos, de conformidad con la Carta de las Naciones Unidas, ya que el riesgo de consecuencias humanitarias para la regi\u00f3n tambi\u00e9n est\u00e1 aumentando r\u00e1pidamente&#8221;, declar\u00f3 su portavoz.<br><\/p>\n\n\n\n<p>Guterres ya pidi\u00f3 detener cualquier escalada del conflicto en el Consejo de Seguridad de emergencia que tuvo lugar el s\u00e1bado por la tarde, horas despu\u00e9s de que el presidente, Donald Trump, anunciara el inicio de la operaci\u00f3n Furia \u00c9pica, como bautiz\u00f3 el Pent\u00e1gono al operativo.<br><\/p>\n\n\n\n<p>El secretario general, dijo, est\u00e1 especialmente preocupado por el creciente n\u00famero de civiles que est\u00e1n siendo asesinados y por la destrucci\u00f3n de infraestructuras civiles.<br><\/p>\n\n\n\n<p>&#8220;El derecho internacional humanitario es claro: los civiles deben ser protegidos en todo momento, al igual que las infraestructuras civiles&#8221;, asever\u00f3.<br><\/p>\n\n\n\n<p>Seg\u00fan el portavoz, el equipo de la Oficina de las Naciones Unidas para la Coordinaci\u00f3n de Asuntos Humanitarios (OCHA) est\u00e1 preparado para responder con rapidez seg\u00fan sea necesario.<br><\/p>\n\n\n\n<p>La Media Luna Roja iran\u00ed elev\u00f3 este lunes el n\u00famero de muertos en Ir\u00e1n tras dos d\u00edas y medio de ataques a 555.<br><\/p>\n\n\n\n<p>Al mismo tiempo, el Ministerio de Salud iran\u00ed elev\u00f3 a 180 el n\u00famero de muertos en el ataque en la escuela de Minab, en el sur del pa\u00eds, durante la ofensiva.<\/p>\n","protected":false},"excerpt":{"rendered":"<p>-El secretario general de la ONU alerta de las crecientes bajas civiles por el conflicto. El secretario general de la ONU, Ant\u00f3nio Guterres, insisti\u00f3 en pedir una desescalada del conflicto en Oriente Medio, originado tras el ataque de Estados Unidos e Israel contra Ir\u00e1n iniciado el fin de semana, y alert\u00f3 del creciente n\u00famero de [&hellip;]<\/p>\n","protected":false},"author":1,"featured_media":77571,"comment_status":"closed","ping_status":"closed","sticky":false,"template":"","format":"standard","meta":{"footnotes":""},"categories":[83,80,85],"tags":[],"class_list":["post-77567","post","type-post","status-publish","format-standard","has-post-thumbnail","hentry","category-destacado","category-mundo","category-portada"],"_links":{"self":[{"href":"https:\/\/themexicopost.com\/index.php?rest_route=\/wp\/v2\/posts\/77567","targetHints":{"allow":["GET"]}}],"collection":[{"href":"https:\/\/themexicopost.com\/index.php?rest_route=\/wp\/v2\/posts"}],"about":[{"href":"https:\/\/themexicopost.com\/index.php?rest_route=\/wp\/v2\/types\/post"}],"author":[{"embeddable":true,"href":"https:\/\/themexicopost.com\/index.php?rest_route=\/wp\/v2\/users\/1"}],"replies":[{"embeddable":true,"href":"https:\/\/themexicopost.com\/index.php?rest_route=%2Fwp%2Fv2%2Fcomments&post=77567"}],"version-history":[{"count":1,"href":"https:\/\/themexicopost.com\/index.php?rest_route=\/wp\/v2\/posts\/77567\/revisions"}],"predecessor-version":[{"id":77572,"href":"https:\/\/themexicopost.com\/index.php?rest_route=\/wp\/v2\/posts\/77567\/revisions\/77572"}],"wp:featuredmedia":[{"embeddable":true,"href":"https:\/\/themexicopost.com\/index.php?rest_route=\/wp\/v2\/media\/77571"}],"wp:attachment":[{"href":"https:\/\/themexicopost.com\/index.php?rest_route=%2Fwp%2Fv2%2Fmedia&parent=77567"}],"wp:term":[{"taxonomy":"category","embeddable":true,"href":"https:\/\/themexicopost.com\/index.php?rest_route=%2Fwp%2Fv2%2Fcategories&post=77567"},{"taxonomy":"post_tag","embeddable":true,"href":"https:\/\/themexicopost.com\/index.php?rest_route=%2Fwp%2Fv2%2Ftags&post=77567"}],"curies":[{"name":"wp","href":"https:\/\/api.w.org\/{rel}","templated":true}]}}