{"id":77570,"date":"2026-03-03T08:55:03","date_gmt":"2026-03-03T14:55:03","guid":{"rendered":"https:\/\/themexicopost.com\/?p=77570"},"modified":"2026-03-03T08:55:07","modified_gmt":"2026-03-03T14:55:07","slug":"la-onu-dejo-de-cumplir-su-labor-en-el-mundo-sheinbaum","status":"publish","type":"post","link":"https:\/\/themexicopost.com\/?p=77570","title":{"rendered":"&#8220;LA ONU DEJ\u00d3 DE CUMPLIR SU LABOR EN EL MUNDO&#8221;: SHEINBAUM"},"content":{"rendered":"\n<figure class=\"wp-block-pullquote\"><blockquote><p>-Urgi\u00f3 a recuperar el papel de la pol\u00edtica diplom\u00e1tica multilateral al hablar del conflicto en Medio Oriente.<br>-Afirma que el organismo debe retomar su papel para el cual fue creado.<\/p><\/blockquote><\/figure>\n\n\n\n<p class=\"has-drop-cap\">Durante la conferencia matutina, la presidenta de M\u00e9xico, Claudia Sheinbaum, cuestion\u00f3 el papel de la Organizaci\u00f3n de las Naciones Unidas (ONU) frente a la escalada del conflicto armado en Medio Oriente.<br><\/p>\n\n\n\n<p>La mandataria asegur\u00f3 que el organismo ha dejado de cumplir su funci\u00f3n original como garante del orden multilateral y la paz internacional.<br><\/p>\n\n\n\n<p>En relaci\u00f3n con la reciente ofensiva militar de Estados Unidos e Israel contra Ir\u00e1n que culmin\u00f3 con el asesinato de Ali Khamenei el 28 de febrero, Sheinbaum enfatiz\u00f3 que las decisiones dentro de organismos multilaterales han perdido equilibrio y representaci\u00f3n.<br><\/p>\n\n\n\n<figure class=\"wp-block-image size-large\"><img fetchpriority=\"high\" decoding=\"async\" width=\"1024\" height=\"684\" src=\"https:\/\/themexicopost.com\/wp-content\/uploads\/2026\/03\/onu-2-1024x684.jpg\" alt=\"\" class=\"wp-image-77574\" srcset=\"https:\/\/themexicopost.com\/wp-content\/uploads\/2026\/03\/onu-2-1024x684.jpg 1024w, https:\/\/themexicopost.com\/wp-content\/uploads\/2026\/03\/onu-2-300x201.jpg 300w, https:\/\/themexicopost.com\/wp-content\/uploads\/2026\/03\/onu-2-768x513.jpg 768w, https:\/\/themexicopost.com\/wp-content\/uploads\/2026\/03\/onu-2.jpg 1200w\" sizes=\"(max-width: 1024px) 100vw, 1024px\" \/><\/figure>\n\n\n\n<p>&#8220;La ONU dej\u00f3 de cumplir su labor, la verdad, o sea, se imponen los pa\u00edses con mayor fuerza militar y eso, pues no puede ser&#8221;, declar\u00f3 la presidenta.<br><\/p>\n\n\n\n<p>Sheinbaum lament\u00f3 la creciente inoperancia del sistema multilateral y apel\u00f3 a la recuperaci\u00f3n del di\u00e1logo diplom\u00e1tico como v\u00eda para la resoluci\u00f3n de conflictos. Se\u00f1al\u00f3 que debe recuperar el papel de la pol\u00edtica diplom\u00e1tica multilateral, subray\u00f3, y a\u00f1adi\u00f3 que en situaciones b\u00e9licas, quien paga es la poblaci\u00f3n civil.<br><\/p>\n\n\n\n<p>La mandataria cuestion\u00f3 la organizaci\u00f3n, pero tambi\u00e9n hizo un llamado al respeto por los principios fundacionales de la ONU. Enfatiz\u00f3 en particular la autodeterminaci\u00f3n de los pueblos: &#8220;No solo es nuestra Constituci\u00f3n, sino que est\u00e1 en la Carta de Naciones Unidas, el respeto a la autodeterminaci\u00f3n de los pueblos&#8221;.<br><\/p>\n\n\n\n<figure class=\"wp-block-image size-large\"><img decoding=\"async\" width=\"1024\" height=\"684\" src=\"https:\/\/themexicopost.com\/wp-content\/uploads\/2026\/03\/onu-1-1024x684.jpg\" alt=\"\" class=\"wp-image-77575\" srcset=\"https:\/\/themexicopost.com\/wp-content\/uploads\/2026\/03\/onu-1-1024x684.jpg 1024w, https:\/\/themexicopost.com\/wp-content\/uploads\/2026\/03\/onu-1-300x201.jpg 300w, https:\/\/themexicopost.com\/wp-content\/uploads\/2026\/03\/onu-1-768x513.jpg 768w, https:\/\/themexicopost.com\/wp-content\/uploads\/2026\/03\/onu-1.jpg 1200w\" sizes=\"(max-width: 1024px) 100vw, 1024px\" \/><\/figure>\n\n\n\n<p>Reiter\u00f3 que M\u00e9xico mantendr\u00e1 su postura hist\u00f3rica de soluci\u00f3n pac\u00edfica a los conflictos internacionales. &#8220;Si hay un pa\u00eds en donde hay violaci\u00f3n a los derechos humanos, pues es en el marco multilateral donde debe encontrarse la soluci\u00f3n, no a partir de invasiones o guerras&#8221;, afirm\u00f3.<br><\/p>\n\n\n\n<p>La declaraci\u00f3n de la mandataria tiene lugar durante un d\u00eda complicado para el contexto global. El primer lunes de marzo registr\u00f3 aumentos en los precios del petr\u00f3leo a causa del cierre parcial del estrecho de Ormuz. En ese sentido, Sheinbaum sostuvo que su administraci\u00f3n cuenta con esquemas de contenci\u00f3n para evitar que estos factores externos impacten la inflaci\u00f3n y el precio de la gasolina en el pa\u00eds.<br><\/p>\n\n\n\n<p>El 28 de febrero tuvo lugar la denominada \u00abOperaci\u00f3n Furia \u00c9pica\u00bb impulsada por Washington y Tel Aviv que deriv\u00f3 en una serie de bombardeos sobre instalaciones estrat\u00e9gicas en Teher\u00e1n.<\/p>\n\n\n\n<figure class=\"wp-block-image size-large\"><img decoding=\"async\" width=\"1024\" height=\"684\" src=\"https:\/\/themexicopost.com\/wp-content\/uploads\/2026\/03\/onu-3-1024x684.jpg\" alt=\"\" class=\"wp-image-77576\" srcset=\"https:\/\/themexicopost.com\/wp-content\/uploads\/2026\/03\/onu-3-1024x684.jpg 1024w, https:\/\/themexicopost.com\/wp-content\/uploads\/2026\/03\/onu-3-300x201.jpg 300w, https:\/\/themexicopost.com\/wp-content\/uploads\/2026\/03\/onu-3-768x513.jpg 768w, https:\/\/themexicopost.com\/wp-content\/uploads\/2026\/03\/onu-3.jpg 1200w\" sizes=\"(max-width: 1024px) 100vw, 1024px\" \/><\/figure>\n","protected":false},"excerpt":{"rendered":"<p>-Urgi\u00f3 a recuperar el papel de la pol\u00edtica diplom\u00e1tica multilateral al hablar del conflicto en Medio Oriente.<\/p>\n","protected":false},"author":1,"featured_media":77573,"comment_status":"closed","ping_status":"closed","sticky":false,"template":"","format":"standard","meta":{"footnotes":""},"categories":[83,80,81,85],"tags":[],"class_list":["post-77570","post","type-post","status-publish","format-standard","has-post-thumbnail","hentry","category-destacado","category-mundo","category-nacional","category-portada"],"_links":{"self":[{"href":"https:\/\/themexicopost.com\/index.php?rest_route=\/wp\/v2\/posts\/77570","targetHints":{"allow":["GET"]}}],"collection":[{"href":"https:\/\/themexicopost.com\/index.php?rest_route=\/wp\/v2\/posts"}],"about":[{"href":"https:\/\/themexicopost.com\/index.php?rest_route=\/wp\/v2\/types\/post"}],"author":[{"embeddable":true,"href":"https:\/\/themexicopost.com\/index.php?rest_route=\/wp\/v2\/users\/1"}],"replies":[{"embeddable":true,"href":"https:\/\/themexicopost.com\/index.php?rest_route=%2Fwp%2Fv2%2Fcomments&post=77570"}],"version-history":[{"count":1,"href":"https:\/\/themexicopost.com\/index.php?rest_route=\/wp\/v2\/posts\/77570\/revisions"}],"predecessor-version":[{"id":77577,"href":"https:\/\/themexicopost.com\/index.php?rest_route=\/wp\/v2\/posts\/77570\/revisions\/77577"}],"wp:featuredmedia":[{"embeddable":true,"href":"https:\/\/themexicopost.com\/index.php?rest_route=\/wp\/v2\/media\/77573"}],"wp:attachment":[{"href":"https:\/\/themexicopost.com\/index.php?rest_route=%2Fwp%2Fv2%2Fmedia&parent=77570"}],"wp:term":[{"taxonomy":"category","embeddable":true,"href":"https:\/\/themexicopost.com\/index.php?rest_route=%2Fwp%2Fv2%2Fcategories&post=77570"},{"taxonomy":"post_tag","embeddable":true,"href":"https:\/\/themexicopost.com\/index.php?rest_route=%2Fwp%2Fv2%2Ftags&post=77570"}],"curies":[{"name":"wp","href":"https:\/\/api.w.org\/{rel}","templated":true}]}}